{"id":1754,"date":"2018-11-01T13:52:36","date_gmt":"2018-11-01T15:52:36","guid":{"rendered":"http:\/\/dgospel.com.br\/portal\/?p=1754"},"modified":"2018-11-01T13:52:36","modified_gmt":"2018-11-01T15:52:36","slug":"mauro-carlesse-recebe-presidente-da-fecomercio-e-discute-retomada-do-crescimento-do-estado","status":"publish","type":"post","link":"https:\/\/dgospel.com.br\/portal\/index.php\/2018\/11\/01\/mauro-carlesse-recebe-presidente-da-fecomercio-e-discute-retomada-do-crescimento-do-estado\/","title":{"rendered":"Mauro Carlesse recebe presidente da Fecom\u00e9rcio e discute retomada do crescimento do Estado"},"content":{"rendered":"<div class=\"container margin-top\">\n<div class=\"row\">\n<div class=\"col-sm-10\">\n<div id=\"conteudo\" class=\"row\">\n<div class=\"col-lg-9\">\n<article>\n<div>\n<p>Discutir as medidas necess\u00e1rias para que o Estado do Tocantins possa retomar o crescimento. Essa foi a pauta da audi\u00eancia do presidente da Federa\u00e7\u00e3o do Com\u00e9rcio do Estado do Tocantins (Fecom\u00e9rcio), Itelvino Pisone, com o governador Mauro Carlesse, na tarde desta quarta-feira, 31, no Pal\u00e1cio Araguaia. Esta foi a primeira visita do dirigente da Fecom\u00e9rcio ap\u00f3s a elei\u00e7\u00e3o do governador.<\/p>\n<p>\u201c\u00c9 uma honra receber o presidente de uma institui\u00e7\u00e3o t\u00e3o importante como a Fecom\u00e9rcio, que representa um dos principais segmentos da economia do Estado, para discutir demandas que dizem respeito n\u00e3o s\u00f3 ao segmento empresarial, mas tamb\u00e9m o desenvolvimento de uma forma geral\u201d, destacou o governador.<\/p>\n<p>Mauro Carlesse falou das medidas que est\u00e3o sendo adotadas para enxugar a m\u00e1quina e melhorar a capacidade de investimentos nos mais diversas \u00e1reas, incrementar a infraestrutura e, automaticamente, movimentar a economia, gerar emprego e renda para os tocantinenses. \u201cSomente nesses primeiros meses da nossa gest\u00e3o j\u00e1 conseguimos uma economia de mais de R$ 700 milh\u00f5es e vamos fazer muito mais at\u00e9 o pr\u00f3ximo ano para nos enquadramos na Lei de Responsabilidade Fiscal\u201d, explicou.<\/p>\n<p>Por sua vez,\u00a0Itelvino Pisone sustentou que as demandas da entidade s\u00e3o f\u00e1ceis de serem aplicadas, a exemplo da manuten\u00e7\u00e3o do diferencial da al\u00edquota do ICMS para produtos de fora do Estado, destinados \u00e0s micro e pequenas empresas entre algumas j\u00e1 discutidas em outra oportunidade com o governador. \u201cO momento \u00e9 esse e agora \u00e9 iniciar o trabalho que ele j\u00e1 se prop\u00f4s a fazer e essas medidas que est\u00e3o sendo tomadas s\u00e3o necess\u00e1rias para retomar o crescimento da economia e a governabilidade\u201d, explicou. Na ocasi\u00e3o ele entregou ao governador um folder com as principais propostas da entidade, para incentivar o setor de turismo no Tocantins.<\/p>\n<p>Participaram da audi\u00eancia o subsecret\u00e1rio da pasta do Desenvolvimento Econ\u00f4mico, Econ\u00f4mico, Ci\u00eancia, Tecnologia, Turismo e Cultura (Seden), Wilson Charles de Seixas, e o Chefe de\u00a0Gabinete do Governador, Divino Alan Siqueira.<\/p>\n<\/div>\n<\/article>\n<\/div>\n<div class=\"col-lg-3\">\n<h2 class=\"margin-top-0\">Veja tamb\u00e9m outras not\u00edcias<\/h2>\n<h4>Sa\u00fade recebe doa\u00e7\u00e3o de kits de reanima\u00e7\u00e3o neonatal para utiliza\u00e7\u00e3o nas maternidades<\/h4>\n<h4>Naturatins participa de F\u00f3rum T\u00e9cnico do Programa Arpa no Minist\u00e9rio de Meio Ambiente<\/h4>\n<h4>Naturatins assina portaria da Piracema 2018\/2019<\/h4>\n<h4>Centros Vocacionais Tecnol\u00f3gicos do Pronatec em Miracema e Colinas recebem computadores<\/h4>\n<h4>Ag\u00eancia Tocantinense de Regula\u00e7\u00e3o recicla sobre seguro de responsabilidade civil de passageiros<\/h4>\n<h4>Pre\u00e7o da gasolina cai at\u00e9 20 centavos na Capital ap\u00f3s notifica\u00e7\u00e3o do Procon<\/h4>\n<h4>Mais de 20% da m\u00e3o de obra da constru\u00e7\u00e3o de penitenci\u00e1ria em Cariri \u00e9 composta por reeducandos<\/h4>\n<h4>Governo define com bancada federal destina\u00e7\u00e3o de emendas impositivas \u00e0 Lei Or\u00e7ament\u00e1ria Anual de 2019<\/h4>\n<h4>Mauro Carlesse assina ato de nomea\u00e7\u00e3o de Jos\u00e9 Omar de Almeida para a Procuradoria Geral de Justi\u00e7a<\/h4>\n<h4>Agricultura participa da oficina de mapeamento e an\u00e1lise das cadeias de valor de plantas medicinais<\/h4>\n<\/div>\n<\/div>\n<\/div>\n<\/div>\n<\/div>\n","protected":false},"excerpt":{"rendered":"<p>Discutir as medidas necess\u00e1rias para que o Estado do Tocantins possa retomar o crescimento. Essa foi a pauta da audi\u00eancia do presidente da Federa\u00e7\u00e3o do Com\u00e9rcio do Estado do Tocantins (Fecom\u00e9rcio), Itelvino Pisone, com o governador Mauro Carlesse, na tarde desta quarta-feira, 31, no Pal\u00e1cio Araguaia. Esta foi a primeira visita do dirigente da Fecom\u00e9rcio [&hellip;]<\/p>\n","protected":false},"author":2,"featured_media":1755,"comment_status":"open","ping_status":"open","sticky":false,"template":"","format":"standard","meta":[],"categories":[2,4],"tags":[],"_links":{"self":[{"href":"https:\/\/dgospel.com.br\/portal\/index.php\/wp-json\/wp\/v2\/posts\/1754"}],"collection":[{"href":"https:\/\/dgospel.com.br\/portal\/index.php\/wp-json\/wp\/v2\/posts"}],"about":[{"href":"https:\/\/dgospel.com.br\/portal\/index.php\/wp-json\/wp\/v2\/types\/post"}],"author":[{"embeddable":true,"href":"https:\/\/dgospel.com.br\/portal\/index.php\/wp-json\/wp\/v2\/users\/2"}],"replies":[{"embeddable":true,"href":"https:\/\/dgospel.com.br\/portal\/index.php\/wp-json\/wp\/v2\/comments?post=1754"}],"version-history":[{"count":1,"href":"https:\/\/dgospel.com.br\/portal\/index.php\/wp-json\/wp\/v2\/posts\/1754\/revisions"}],"predecessor-version":[{"id":1756,"href":"https:\/\/dgospel.com.br\/portal\/index.php\/wp-json\/wp\/v2\/posts\/1754\/revisions\/1756"}],"wp:featuredmedia":[{"embeddable":true,"href":"https:\/\/dgospel.com.br\/portal\/index.php\/wp-json\/wp\/v2\/media\/1755"}],"wp:attachment":[{"href":"https:\/\/dgospel.com.br\/portal\/index.php\/wp-json\/wp\/v2\/media?parent=1754"}],"wp:term":[{"taxonomy":"category","embeddable":true,"href":"https:\/\/dgospel.com.br\/portal\/index.php\/wp-json\/wp\/v2\/categories?post=1754"},{"taxonomy":"post_tag","embeddable":true,"href":"https:\/\/dgospel.com.br\/portal\/index.php\/wp-json\/wp\/v2\/tags?post=1754"}],"curies":[{"name":"wp","href":"https:\/\/api.w.org\/{rel}","templated":true}]}}