{"id":17542,"date":"2023-10-27T08:38:34","date_gmt":"2023-10-27T11:38:34","guid":{"rendered":"http:\/\/dgospel.com.br\/portal\/?p=17542"},"modified":"2023-10-27T08:38:36","modified_gmt":"2023-10-27T11:38:36","slug":"carro-diplomatico-do-brasil-e-detido-na-turquia-com-cocaina","status":"publish","type":"post","link":"https:\/\/dgospel.com.br\/portal\/index.php\/2023\/10\/27\/carro-diplomatico-do-brasil-e-detido-na-turquia-com-cocaina\/","title":{"rendered":"Carro diplom\u00e1tico do Brasil \u00e9 detido na Turquia com coca\u00edna"},"content":{"rendered":"\n<p>Um ve\u00edculo oficial da embaixada brasileira em S\u00f3fia, na&nbsp;<a href=\"http:\/\/pleno.news\/tag\/bulgaria\" target=\"_blank\" rel=\"noreferrer noopener\">Bulg\u00e1ria<\/a>, teria sido detido na fronteira com a&nbsp;<a href=\"http:\/\/pleno.news\/tag\/turquia\" target=\"_blank\" rel=\"noreferrer noopener\">Turquia<\/a>&nbsp;com cerca de 55 quilos de coca\u00edna. A informa\u00e7\u00e3o foi divulgada pelo jornal b\u00falgaro 24 Chasa. Em nota, o Itamaraty disse que o carro foi \u201cfurtado das depend\u00eancias\u201d da representa\u00e7\u00e3o diplom\u00e1tica na Bulg\u00e1ria.<\/p>\n\n\n\n<p>Segundo o jornal b\u00falgaro, o autom\u00f3vel teria entrado na Turquia pelo posto de controle de Kap\u0131kule, na regi\u00e3o noroeste do pa\u00eds, ap\u00f3s vir de uma vila no sul da Bulg\u00e1ria. A droga teria sido encontrada em diferentes partes do ve\u00edculo. Foram detidos por tr\u00e1fico de drogas o motorista e uma outra pessoa.<\/p>\n\n\n\n<p>Sobre o caso, a embaixada brasileira na Bulg\u00e1ria publicou uma nota de esclarecimento dizendo que identificou a falta de um carro oficial e notificou as autoridades b\u00falgaras.<\/p>\n\n\n\n<p>\u2013 Com refer\u00eancia \u00e0s not\u00edcias recentes circuladas em meios de comunica\u00e7\u00e3o b\u00falgaros e turcos relativas \u00e0 apreens\u00e3o de ve\u00edculo diplom\u00e1tico na fronteira entre a Bulg\u00e1ria e a Turquia, a Embaixada informa que comunicou \u00e0s autoridades b\u00falgaras apropriadas a falta de um de seus ve\u00edculos oficiais, retirado das depend\u00eancias da embaixada sem autoriza\u00e7\u00e3o \u2013 diz o comunicado.<\/p>\n\n\n\n<p>O Itamaraty, por sua vez, confirmou que o ve\u00edculo foi furtado das depend\u00eancias da embaixada por um funcion\u00e1rio local, de nacionalidade b\u00falgara, e disse que o ato criminoso n\u00e3o teve a participa\u00e7\u00e3o de qualquer integrante do servi\u00e7o exterior brasileiro.<\/p>\n\n\n\n<p>\u2013 O contratado local, de nacionalidade b\u00falgara, foi demitido por justa causa. O Minist\u00e9rio das Rela\u00e7\u00f5es Exteriores, por meio das Embaixadas do Brasil em S\u00f3fia e em Ancara, est\u00e1 em contato com autoridades locais, colabora com as investiga\u00e7\u00f5es e espera que o crime seja apurado prontamente \u2013 relatou a pasta.<\/p>\n","protected":false},"excerpt":{"rendered":"<p>Um ve\u00edculo oficial da embaixada brasileira em S\u00f3fia, na&nbsp;Bulg\u00e1ria, teria sido detido na fronteira com a&nbsp;Turquia&nbsp;com cerca de 55 quilos de coca\u00edna. A informa\u00e7\u00e3o foi divulgada pelo jornal b\u00falgaro 24 Chasa. Em nota, o Itamaraty disse que o carro foi \u201cfurtado das depend\u00eancias\u201d da representa\u00e7\u00e3o diplom\u00e1tica na Bulg\u00e1ria. Segundo o jornal b\u00falgaro, o autom\u00f3vel teria [&hellip;]<\/p>\n","protected":false},"author":2,"featured_media":17543,"comment_status":"open","ping_status":"open","sticky":false,"template":"","format":"standard","meta":[],"categories":[10],"tags":[],"_links":{"self":[{"href":"https:\/\/dgospel.com.br\/portal\/index.php\/wp-json\/wp\/v2\/posts\/17542"}],"collection":[{"href":"https:\/\/dgospel.com.br\/portal\/index.php\/wp-json\/wp\/v2\/posts"}],"about":[{"href":"https:\/\/dgospel.com.br\/portal\/index.php\/wp-json\/wp\/v2\/types\/post"}],"author":[{"embeddable":true,"href":"https:\/\/dgospel.com.br\/portal\/index.php\/wp-json\/wp\/v2\/users\/2"}],"replies":[{"embeddable":true,"href":"https:\/\/dgospel.com.br\/portal\/index.php\/wp-json\/wp\/v2\/comments?post=17542"}],"version-history":[{"count":1,"href":"https:\/\/dgospel.com.br\/portal\/index.php\/wp-json\/wp\/v2\/posts\/17542\/revisions"}],"predecessor-version":[{"id":17544,"href":"https:\/\/dgospel.com.br\/portal\/index.php\/wp-json\/wp\/v2\/posts\/17542\/revisions\/17544"}],"wp:featuredmedia":[{"embeddable":true,"href":"https:\/\/dgospel.com.br\/portal\/index.php\/wp-json\/wp\/v2\/media\/17543"}],"wp:attachment":[{"href":"https:\/\/dgospel.com.br\/portal\/index.php\/wp-json\/wp\/v2\/media?parent=17542"}],"wp:term":[{"taxonomy":"category","embeddable":true,"href":"https:\/\/dgospel.com.br\/portal\/index.php\/wp-json\/wp\/v2\/categories?post=17542"},{"taxonomy":"post_tag","embeddable":true,"href":"https:\/\/dgospel.com.br\/portal\/index.php\/wp-json\/wp\/v2\/tags?post=17542"}],"curies":[{"name":"wp","href":"https:\/\/api.w.org\/{rel}","templated":true}]}}