{"id":17549,"date":"2023-10-27T08:56:44","date_gmt":"2023-10-27T11:56:44","guid":{"rendered":"http:\/\/dgospel.com.br\/portal\/?p=17549"},"modified":"2023-10-27T08:56:45","modified_gmt":"2023-10-27T11:56:45","slug":"wanderlei-barbosa-alinha-com-ministro-dos-transportes-agilidade-em-obras-de-infraestrutura-rodoviaria-do-tocantins","status":"publish","type":"post","link":"https:\/\/dgospel.com.br\/portal\/index.php\/2023\/10\/27\/wanderlei-barbosa-alinha-com-ministro-dos-transportes-agilidade-em-obras-de-infraestrutura-rodoviaria-do-tocantins\/","title":{"rendered":"\u00a0Wanderlei Barbosa alinha com ministro dos Transportes agilidade em obras de infraestrutura rodovi\u00e1ria do Tocantins"},"content":{"rendered":"\n<p>O governador Wanderlei Barbosa, o vice-governador Laurez Moreira e o deputado federal Ricardo Ayres participaram de uma audi\u00eancia com o ministro dos Transportes, Renan Filho, nessa quarta-feira, 25, onde trataram sobre a agiliza\u00e7\u00e3o de obras estrat\u00e9gicas para a infraestrutura de transporte do Tocantins. Neste momento, em que o Governo Federal trabalha na realiza\u00e7\u00e3o das obras do Plano de Acelera\u00e7\u00e3o de Crescimento (PAC) por todo o pa\u00eds, o Governo do Tocantins se mobiliza para que o Estado seja priorizado na libera\u00e7\u00e3o dos recursos.<\/p>\n\n\n\n<p>O governador Wanderlei Barbosa apresentou, ao ministro Renan Filho, um panorama das obras estrat\u00e9gicas para o desenvolvimento da infraestrutura log\u00edstica do Tocantins, que j\u00e1 est\u00e3o em andamento, e as principais j\u00e1 planejadas. A agiliza\u00e7\u00e3o das obras da BR-010, o apoio institucional para a viabiliza\u00e7\u00e3o da TO-500, a Transbananal, e o Anel Vi\u00e1rio de Palmas foram as prioridades apresentadas.&nbsp;<\/p>\n\n\n\n<p>O governador Wanderlei Barbosa enfatizou que o investimento na infraestrutura de transporte do Tocantins, al\u00e9m de promover o desenvolvimento do Estado, \u00e9 tamb\u00e9m estrat\u00e9gico para o pa\u00eds. &#8220;Hoje, o Pa\u00eds est\u00e1 em um momento crucial na defini\u00e7\u00e3o dos grandes investimentos dos pr\u00f3ximos anos e o Tocantins tem projetos s\u00f3lidos e com impactos significativos na infraestrutura log\u00edstica, n\u00e3o apenas para a nossa regi\u00e3o, mas tamb\u00e9m para o&nbsp;pa\u00eds. N\u00f3s mostramos, ao ministro, que o Tocantins est\u00e1 preparado para receber grandes investimentos&#8221;, afirmou o Governador.<\/p>\n\n\n\n<p>O deputado federal Ricardo Ayres manifestou confian\u00e7a no resultado da audi\u00eancia. &#8220;Tenho plena confian\u00e7a de que o ministro Renan ser\u00e1 sens\u00edvel \u00e0s nossas pautas. Quando investimos em infraestrutura, especialmente na melhoria e na manuten\u00e7\u00e3o das nossas estradas, estamos abrindo caminhos para o crescimento econ\u00f4mico. Estradas em bom estado n\u00e3o s\u00e3o s\u00f3 um al\u00edvio e uma seguran\u00e7a para quem dirige, elas s\u00e3o a chave para escoar a produ\u00e7\u00e3o do Tocantins e fazer a economia girar. \u00c9 nosso compromisso trabalhar incansavelmente para que o nosso estado continue crescendo e avance em todos os segmentos&#8221;, ressaltou o deputado.<\/p>\n\n\n\n<p><strong>Transbananal<\/strong><\/p>\n\n\n\n<p>A constru\u00e7\u00e3o da TO-500, a Transbananal, tamb\u00e9m fez parte da pauta, e o ministro manifestou apoio \u00e0 proposta. O governador Wanderlei Barbosa apresentou o projeto da rodovia que ligar\u00e1 o munic\u00edpio de Formoso do Araguaia\/TO at\u00e9 S\u00e3o F\u00e9lix do Araguaia\/MT, por meio da BR-242, passando por dentro da Ilha do Bananal. O projeto \u00e9 essencial para o escoamento da produ\u00e7\u00e3o de gr\u00e3os do Tocantins, e tamb\u00e9m ser\u00e1 estrat\u00e9gico para o desenvolvimento do ecoturismo na maior ilha fluvial do mundo.<\/p>\n\n\n\n<p>\u201cAl\u00e9m de conectar as regi\u00f5es Norte e Centro-Oeste, a Transbananal se conecta com um grande projeto de etnoturismo que j\u00e1 est\u00e1 em desenvolvimento no Tocantins, que \u00e9 a implanta\u00e7\u00e3o de um centro de eventos da Ilha do Bananal, um espa\u00e7o destinado \u00e0 realiza\u00e7\u00e3o de atrativos que tenham como base a cultura ind\u00edgena. Essa abordagem demonstra uma preocupa\u00e7\u00e3o com o desenvolvimento sustent\u00e1vel da regi\u00e3o e a integra\u00e7\u00e3o das comunidades locais em todo o processo\u201d, ressaltou o governador Wanderlei Barbosa.<\/p>\n\n\n\n<p><strong>Anel Vi\u00e1rio de Palmas<\/strong><\/p>\n\n\n\n<p>O governador Wanderlei Barbosa tamb\u00e9m solicitou, ao Minist\u00e9rio dos Transportes, a realiza\u00e7\u00e3o do um estudo de viabilidade para a constru\u00e7\u00e3o de um Anel Vi\u00e1rio em Palmas, partindo do entroncamento da Agrotins, seguindo em dire\u00e7\u00e3o ao munic\u00edpio de Santa F\u00e9 e se conectando com a BR-010, no munic\u00edpio de Aparecida do Rio Negro.&nbsp;O anel vi\u00e1rio sanaria gargalos de tr\u00e1fego urbano que avan\u00e7aram com o constante crescimento populacional de Palmas, al\u00e9m de criar novas possibilidades de interliga\u00e7\u00e3o entre os munic\u00edpios da regi\u00e3o, o que contribui com o desenvolvimento econ\u00f4mico.&nbsp;<\/p>\n\n\n\n<p>O ministro Renan Filho destacou que a fase atual \u00e9 promissora e enfatizou seu apoio ao Governo do Tocantins. \u201cVamos solicitar uma revis\u00e3o dos projetos em andamento e acelerar a conclus\u00e3o das obras. Estamos buscando maior celeridade na execu\u00e7\u00e3o dessas iniciativas. Realizaremos uma avalia\u00e7\u00e3o, programaremos uma nova reuni\u00e3o e examinaremos as previs\u00f5es de outras concess\u00f5es tamb\u00e9m. Com a conclus\u00e3o da rodovia BR-010, vamos acompanhar de perto o andamento dos projetos, explorando oportunidades para iniciar novas frentes de trabalho\u201d, afirmou o ministro.<\/p>\n\n\n\n<p><img src=\"https:\/\/central.to.gov.br\/image\/352349?w=670&amp;h=383\"><\/p>\n\n\n\n<p>Em reuni\u00e3o com o ministro dos Transportes, Renan Filho, o governador Wanderlei Barbosa solicitou prioriza\u00e7\u00e3o na aloca\u00e7\u00e3o de recursos para o Estado &#8211; Vin\u00edcius Santa Rosa\/Governo do Tocantins<\/p>\n\n\n\n<p><img src=\"https:\/\/central.to.gov.br\/image\/352351?w=670&amp;h=383\"><\/p>\n\n\n\n<p>Ministro dos Transportes, Renan Filho, recebeu o governador Wanderlei Barbosa para discutir projetos de infraestrutura rodovi\u00e1ria essenciais para o Tocantins e para o Brasil &#8211; Vin\u00edcius Santa Rosa\/Governo do Tocantins\u00a0<\/p>\n\n\n\n<p><img src=\"https:\/\/central.to.gov.br\/image\/352352?w=670&amp;h=383\"><\/p>\n\n\n\n<p>Constru\u00e7\u00e3o da Transbananal e do Anel Vi\u00e1rio de Palmas, obras para as quais o governo busca apoio para viabilizar, foram algumas das obras colocadas em pauta &#8211; Vin\u00edcius Santa Rosa\/Governo do Tocantins\u00a0<\/p>\n\n\n\n<p><img src=\"https:\/\/central.to.gov.br\/image\/352353?w=670&amp;h=383\"><\/p>\n\n\n\n<p>Ministro Renan Filho afirmou que vai solicitar uma revis\u00e3o dos projetos em andamento e acelerar a conclus\u00e3o das obras &#8211; Vin\u00edcius Santa Rosa\/Governo do Tocantins&nbsp;<\/p>\n","protected":false},"excerpt":{"rendered":"<p>O governador Wanderlei Barbosa, o vice-governador Laurez Moreira e o deputado federal Ricardo Ayres participaram de uma audi\u00eancia com o ministro dos Transportes, Renan Filho, nessa quarta-feira, 25, onde trataram sobre a agiliza\u00e7\u00e3o de obras estrat\u00e9gicas para a infraestrutura de transporte do Tocantins. Neste momento, em que o Governo Federal trabalha na realiza\u00e7\u00e3o das obras [&hellip;]<\/p>\n","protected":false},"author":2,"featured_media":17550,"comment_status":"open","ping_status":"open","sticky":false,"template":"","format":"standard","meta":[],"categories":[3],"tags":[13],"_links":{"self":[{"href":"https:\/\/dgospel.com.br\/portal\/index.php\/wp-json\/wp\/v2\/posts\/17549"}],"collection":[{"href":"https:\/\/dgospel.com.br\/portal\/index.php\/wp-json\/wp\/v2\/posts"}],"about":[{"href":"https:\/\/dgospel.com.br\/portal\/index.php\/wp-json\/wp\/v2\/types\/post"}],"author":[{"embeddable":true,"href":"https:\/\/dgospel.com.br\/portal\/index.php\/wp-json\/wp\/v2\/users\/2"}],"replies":[{"embeddable":true,"href":"https:\/\/dgospel.com.br\/portal\/index.php\/wp-json\/wp\/v2\/comments?post=17549"}],"version-history":[{"count":1,"href":"https:\/\/dgospel.com.br\/portal\/index.php\/wp-json\/wp\/v2\/posts\/17549\/revisions"}],"predecessor-version":[{"id":17551,"href":"https:\/\/dgospel.com.br\/portal\/index.php\/wp-json\/wp\/v2\/posts\/17549\/revisions\/17551"}],"wp:featuredmedia":[{"embeddable":true,"href":"https:\/\/dgospel.com.br\/portal\/index.php\/wp-json\/wp\/v2\/media\/17550"}],"wp:attachment":[{"href":"https:\/\/dgospel.com.br\/portal\/index.php\/wp-json\/wp\/v2\/media?parent=17549"}],"wp:term":[{"taxonomy":"category","embeddable":true,"href":"https:\/\/dgospel.com.br\/portal\/index.php\/wp-json\/wp\/v2\/categories?post=17549"},{"taxonomy":"post_tag","embeddable":true,"href":"https:\/\/dgospel.com.br\/portal\/index.php\/wp-json\/wp\/v2\/tags?post=17549"}],"curies":[{"name":"wp","href":"https:\/\/api.w.org\/{rel}","templated":true}]}}