{"id":17552,"date":"2023-10-27T09:02:33","date_gmt":"2023-10-27T12:02:33","guid":{"rendered":"http:\/\/dgospel.com.br\/portal\/?p=17552"},"modified":"2023-10-27T09:02:34","modified_gmt":"2023-10-27T12:02:34","slug":"governador-wanderlei-barbosa-busca-ampliacao-do-numero-de-novas-unidades-habitacionais-financiadas-pelo-governo-federal","status":"publish","type":"post","link":"https:\/\/dgospel.com.br\/portal\/index.php\/2023\/10\/27\/governador-wanderlei-barbosa-busca-ampliacao-do-numero-de-novas-unidades-habitacionais-financiadas-pelo-governo-federal\/","title":{"rendered":"Governador Wanderlei Barbosa busca amplia\u00e7\u00e3o do n\u00famero de novas unidades habitacionais financiadas pelo Governo Federal"},"content":{"rendered":"\n<p>O governador Wanderlei Barbosa solicitou ao ministro das Cidades, Jader Filho, a amplia\u00e7\u00e3o do n\u00famero de unidades habitacionais que ser\u00e3o constru\u00eddas no Estado, por meio do programa Minha Casa Minha Vida. O pedido foi apresentado durante uma reuni\u00e3o realizada na quarta-feira, 25, em Bras\u00edlia, na qual a equipe do Governo do Tocantins apresentou argumentos t\u00e9cnicos e estrat\u00e9gicos que justificam priorizar o Estado na expans\u00e3o das unidades habitacionais.<\/p>\n\n\n\n<p>Tamb\u00e9m participaram da reuni\u00e3o o vice-governador Laurez Moreira, o secret\u00e1rio de Cidades, Habita\u00e7\u00e3o e Desenvolvimento Regional, Thiago Benfica, o secret\u00e1rio extraordin\u00e1rio de Representa\u00e7\u00e3o em Bras\u00edlia, Carlos Manzini J\u00fanior, o secret\u00e1rio de Comunica\u00e7\u00e3o, M\u00e1rcio Rocha, e o deputado federal Ricardo Ayres, que solicitou a audi\u00eancia.<\/p>\n\n\n\n<p>Segundo o governador Wanderlei Barbosa, o ministro Jader Filho recebeu bem a proposta e a equipe do Governo do Tocantins est\u00e1 confiante de que ser\u00e1 atendida. &#8220;O ministro nos ouviu e tamb\u00e9m apresentou todos os projetos habitacionais do Governo Federal que podem beneficiar o Tocantins. Acredito que, por meio da bancada federal e da parceria com o Governo Federal, vamos conseguir construir as moradias j\u00e1 garantidas e aumentar ainda mais o n\u00famero de tocantinenses que realizar\u00e3o o sonho da casa pr\u00f3pria&#8221;, afirmou o Governador.<\/p>\n\n\n\n<p>O objetivo do Governo do Tocantins \u00e9 que o n\u00famero de unidades habitacionais seja maior do que as 1.070 previstas at\u00e9 o momento. O secret\u00e1rio Thiago Benfica esclareceu que o Tocantins j\u00e1 tem \u00e1reas para construir as unidades, o que \u00e9 relevante para a decis\u00e3o do Minist\u00e9rio das Cidades sobre a expans\u00e3o do projeto. &#8220;O ministro se comprometeu a atender nosso pedido de viabilizar mais moradias, considerando que as \u00e1reas para a constru\u00e7\u00e3o j\u00e1 s\u00e3o do Estado. Ele tamb\u00e9m apresentou a possibilidade de parceria com estados e munic\u00edpios para aumentar o programa&#8221;, disse.<\/p>\n\n\n\n<p><strong>Parceria garantida&nbsp;<\/strong><\/p>\n\n\n\n<p>O ministro Jader Filho destacou a efici\u00eancia da atual gest\u00e3o do Governo do Tocantins como&nbsp; fator que diferencia positivamente o atendimento \u00e0s propostas apresentadas. &#8220;O Minist\u00e9rio das Cidades est\u00e1 \u00e0 disposi\u00e7\u00e3o para fazer essa parceria, retomar o pacto federativo e poder ajudar o Tocantins, esse estado com um Governador trabalhador, para que possamos construir um n\u00famero ainda maior de moradias, gerando emprego, renda e realizando o sonho da casa pr\u00f3pria. Vamos trabalhar juntos&#8221;, afirmou.<\/p>\n\n\n\n<p>Para o deputado Ricardo Ayres, \u00e9 preciso reconhecer a crescente necessidade de amplia\u00e7\u00e3o do programa no Tocantins. &#8220;Estamos diante de um d\u00e9ficit habitacional alarmante, que afeta desproporcionalmente os mais vulner\u00e1veis. Muitas fam\u00edlias sonham em ter um lugar para chamar de lar. Como representante dos tocantinenses, vejo como dever moral e responsabilidade garantir que esse sonho se torne uma realidade para todos, independentemente de sua situa\u00e7\u00e3o econ\u00f4mica. A casa pr\u00f3pria n\u00e3o \u00e9 apenas uma quest\u00e3o de conforto ou status, mas sim um direito fundamental, crucial para a dignidade e o bem-estar dos cidad\u00e3os\u201d, afirmou.\u00a0<\/p>\n\n\n\n<p><img src=\"https:\/\/central.to.gov.br\/image\/352499?w=670&amp;h=383\"><\/p>\n\n\n\n<p>Segundo o governador Wanderlei Barbosa, o ministro recebeu positivamente a proposta e apresentou todos os projetos habitacionais do Governo Federal que podem beneficiar o Tocantins &#8211; Vin\u00edcius Santa Rosa\/Governo do Tocantins\u00a0<\/p>\n","protected":false},"excerpt":{"rendered":"<p>O governador Wanderlei Barbosa solicitou ao ministro das Cidades, Jader Filho, a amplia\u00e7\u00e3o do n\u00famero de unidades habitacionais que ser\u00e3o constru\u00eddas no Estado, por meio do programa Minha Casa Minha Vida. O pedido foi apresentado durante uma reuni\u00e3o realizada na quarta-feira, 25, em Bras\u00edlia, na qual a equipe do Governo do Tocantins apresentou argumentos t\u00e9cnicos [&hellip;]<\/p>\n","protected":false},"author":2,"featured_media":17553,"comment_status":"open","ping_status":"open","sticky":false,"template":"","format":"standard","meta":[],"categories":[3],"tags":[13],"_links":{"self":[{"href":"https:\/\/dgospel.com.br\/portal\/index.php\/wp-json\/wp\/v2\/posts\/17552"}],"collection":[{"href":"https:\/\/dgospel.com.br\/portal\/index.php\/wp-json\/wp\/v2\/posts"}],"about":[{"href":"https:\/\/dgospel.com.br\/portal\/index.php\/wp-json\/wp\/v2\/types\/post"}],"author":[{"embeddable":true,"href":"https:\/\/dgospel.com.br\/portal\/index.php\/wp-json\/wp\/v2\/users\/2"}],"replies":[{"embeddable":true,"href":"https:\/\/dgospel.com.br\/portal\/index.php\/wp-json\/wp\/v2\/comments?post=17552"}],"version-history":[{"count":1,"href":"https:\/\/dgospel.com.br\/portal\/index.php\/wp-json\/wp\/v2\/posts\/17552\/revisions"}],"predecessor-version":[{"id":17554,"href":"https:\/\/dgospel.com.br\/portal\/index.php\/wp-json\/wp\/v2\/posts\/17552\/revisions\/17554"}],"wp:featuredmedia":[{"embeddable":true,"href":"https:\/\/dgospel.com.br\/portal\/index.php\/wp-json\/wp\/v2\/media\/17553"}],"wp:attachment":[{"href":"https:\/\/dgospel.com.br\/portal\/index.php\/wp-json\/wp\/v2\/media?parent=17552"}],"wp:term":[{"taxonomy":"category","embeddable":true,"href":"https:\/\/dgospel.com.br\/portal\/index.php\/wp-json\/wp\/v2\/categories?post=17552"},{"taxonomy":"post_tag","embeddable":true,"href":"https:\/\/dgospel.com.br\/portal\/index.php\/wp-json\/wp\/v2\/tags?post=17552"}],"curies":[{"name":"wp","href":"https:\/\/api.w.org\/{rel}","templated":true}]}}