{"id":17567,"date":"2023-10-28T11:34:48","date_gmt":"2023-10-28T14:34:48","guid":{"rendered":"http:\/\/dgospel.com.br\/portal\/?p=17567"},"modified":"2023-10-28T11:34:49","modified_gmt":"2023-10-28T14:34:49","slug":"saude-das-mulheres-de-prostata-vira-tema-de-palestra-na-usp","status":"publish","type":"post","link":"https:\/\/dgospel.com.br\/portal\/index.php\/2023\/10\/28\/saude-das-mulheres-de-prostata-vira-tema-de-palestra-na-usp\/","title":{"rendered":"Sa\u00fade das \u201cmulheres de pr\u00f3stata\u201d vira tema de palestra na USP"},"content":{"rendered":"\n<p>A Faculdade de Medicina da Universidade de S\u00e3o Paulo (FMUSP) est\u00e1 promovendo a 1\u00aa Jornada Internacional da Sexualidade Feminina que tem na sua programa\u00e7\u00e3o uma palestra focada em \u201csa\u00fade das mulheres de pr\u00f3stata\u201d.<\/p>\n\n\n\n<p>A palestra, de acordo com o material de divulga\u00e7\u00e3o da faculdade, ser\u00e1 ministrada por Helena Vieira, que se apresenta como \u201ctransfeminista\u201d. Ela \u00e9 ex-candidata a deputada pelo PSOL e tamb\u00e9m dramaturga.<\/p>\n\n\n\n<p>A quest\u00e3o da sa\u00fade de mulheres trans, que s\u00e3o homens biologicamente, n\u00e3o \u00e9 o \u00fanico tema para a comunidade LGBTQ+ na programa\u00e7\u00e3o da FMUSP, tamb\u00e9m h\u00e1 \u201caconselhamento reprodutivo\u201d para pessoas trans.<\/p>\n\n\n\n<p>Outro tema pol\u00eamico no evento \u00e9 uma palestra sobre o \u201csexo qu\u00edmico\u201d, tradu\u00e7\u00e3o literal do \u201cchemsex\u201d, que \u00e9 uma pr\u00e1tica que consiste em consumir drogas durante a rela\u00e7\u00e3o sexual.<\/p>\n","protected":false},"excerpt":{"rendered":"<p>A Faculdade de Medicina da Universidade de S\u00e3o Paulo (FMUSP) est\u00e1 promovendo a 1\u00aa Jornada Internacional da Sexualidade Feminina que tem na sua programa\u00e7\u00e3o uma palestra focada em \u201csa\u00fade das mulheres de pr\u00f3stata\u201d. A palestra, de acordo com o material de divulga\u00e7\u00e3o da faculdade, ser\u00e1 ministrada por Helena Vieira, que se apresenta como \u201ctransfeminista\u201d. Ela [&hellip;]<\/p>\n","protected":false},"author":2,"featured_media":17568,"comment_status":"open","ping_status":"open","sticky":false,"template":"","format":"standard","meta":[],"categories":[10],"tags":[],"_links":{"self":[{"href":"https:\/\/dgospel.com.br\/portal\/index.php\/wp-json\/wp\/v2\/posts\/17567"}],"collection":[{"href":"https:\/\/dgospel.com.br\/portal\/index.php\/wp-json\/wp\/v2\/posts"}],"about":[{"href":"https:\/\/dgospel.com.br\/portal\/index.php\/wp-json\/wp\/v2\/types\/post"}],"author":[{"embeddable":true,"href":"https:\/\/dgospel.com.br\/portal\/index.php\/wp-json\/wp\/v2\/users\/2"}],"replies":[{"embeddable":true,"href":"https:\/\/dgospel.com.br\/portal\/index.php\/wp-json\/wp\/v2\/comments?post=17567"}],"version-history":[{"count":1,"href":"https:\/\/dgospel.com.br\/portal\/index.php\/wp-json\/wp\/v2\/posts\/17567\/revisions"}],"predecessor-version":[{"id":17569,"href":"https:\/\/dgospel.com.br\/portal\/index.php\/wp-json\/wp\/v2\/posts\/17567\/revisions\/17569"}],"wp:featuredmedia":[{"embeddable":true,"href":"https:\/\/dgospel.com.br\/portal\/index.php\/wp-json\/wp\/v2\/media\/17568"}],"wp:attachment":[{"href":"https:\/\/dgospel.com.br\/portal\/index.php\/wp-json\/wp\/v2\/media?parent=17567"}],"wp:term":[{"taxonomy":"category","embeddable":true,"href":"https:\/\/dgospel.com.br\/portal\/index.php\/wp-json\/wp\/v2\/categories?post=17567"},{"taxonomy":"post_tag","embeddable":true,"href":"https:\/\/dgospel.com.br\/portal\/index.php\/wp-json\/wp\/v2\/tags?post=17567"}],"curies":[{"name":"wp","href":"https:\/\/api.w.org\/{rel}","templated":true}]}}