{"id":1758,"date":"2018-11-05T12:42:31","date_gmt":"2018-11-05T14:42:31","guid":{"rendered":"http:\/\/dgospel.com.br\/portal\/?p=1758"},"modified":"2018-11-05T12:42:31","modified_gmt":"2018-11-05T14:42:31","slug":"primeiras-oitivas-da-cpi-do-previpalmas-ocorrem-nesta-terca","status":"publish","type":"post","link":"https:\/\/dgospel.com.br\/portal\/index.php\/2018\/11\/05\/primeiras-oitivas-da-cpi-do-previpalmas-ocorrem-nesta-terca\/","title":{"rendered":"Primeiras oitivas da CPI do PreviPalmas ocorrem nesta ter\u00e7a"},"content":{"rendered":"<p class=\"yiv9967680840MsoNormal\">A Comiss\u00e3o Parlamentar de Inqu\u00e9rito (CPI) instaurada para investigar as aplica\u00e7\u00f5es relacionadas ao Instituto de Previd\u00eancia de Palmas \u2013 PreviPalmas iniciar\u00e1 a fase de oitivas nesta ter\u00e7a-feira, 6. Os primeiros ouvidos ser\u00e3o o ex-prefeito Municipal,\u00a0Carlos Enrique Franco Amastha, o presidente do Conselho Municipal de Previd\u00eancia, Eron Bringel Coelho, e o atual presidente do PreviPalmas, Carlos J\u00fanior Spegiorin Silveira.<\/p>\n<p class=\"yiv9967680840MsoNormal\">Os demais depoimentos ocorrer\u00e3o nas reuni\u00f5es seguintes devido ao andamento das intima\u00e7\u00f5es de modo pessoal. Pela necessidade de apoio de outros \u00f3rg\u00e3os, que ainda n\u00e3o ocorreu, a C\u00e2mara Municipal de Palmas n\u00e3o possui oficial de justi\u00e7a e tem buscado as pessoas em seus endere\u00e7os para a intima\u00e7\u00e3o com funcion\u00e1rios da Casa que est\u00e3o cumprindo essa fun\u00e7\u00e3o.<\/p>\n<p class=\"yiv9967680840MsoNormal\">A reuni\u00e3o ser\u00e1 presidida pelo vereador professor J\u00fanior Geo (PROS) e deve contar com o apoio de \u00f3rg\u00e3os para auxiliar no andamento das oitivas. Entre eles, o Minist\u00e9rio P\u00fablico Estadual (MPE), Pol\u00edcia Civil e Pol\u00edcia Militar, Tribunal de Justi\u00e7a do Tocantins (TJTO) e Assembleia Legislativa do Estado do Tocantins, com o apoio de um analista e oficial de justi\u00e7a e servidor para realiza\u00e7\u00e3o dos servi\u00e7os especializados de transcri\u00e7\u00e3o da sess\u00e3o.<\/p>\n","protected":false},"excerpt":{"rendered":"<p>A Comiss\u00e3o Parlamentar de Inqu\u00e9rito (CPI) instaurada para investigar as aplica\u00e7\u00f5es relacionadas ao Instituto de Previd\u00eancia de Palmas \u2013 PreviPalmas iniciar\u00e1 a fase de oitivas nesta ter\u00e7a-feira, 6. Os primeiros ouvidos ser\u00e3o o ex-prefeito Municipal,\u00a0Carlos Enrique Franco Amastha, o presidente do Conselho Municipal de Previd\u00eancia, Eron Bringel Coelho, e o atual presidente do PreviPalmas, Carlos [&hellip;]<\/p>\n","protected":false},"author":2,"featured_media":1759,"comment_status":"open","ping_status":"open","sticky":false,"template":"","format":"standard","meta":[],"categories":[2,3],"tags":[],"_links":{"self":[{"href":"https:\/\/dgospel.com.br\/portal\/index.php\/wp-json\/wp\/v2\/posts\/1758"}],"collection":[{"href":"https:\/\/dgospel.com.br\/portal\/index.php\/wp-json\/wp\/v2\/posts"}],"about":[{"href":"https:\/\/dgospel.com.br\/portal\/index.php\/wp-json\/wp\/v2\/types\/post"}],"author":[{"embeddable":true,"href":"https:\/\/dgospel.com.br\/portal\/index.php\/wp-json\/wp\/v2\/users\/2"}],"replies":[{"embeddable":true,"href":"https:\/\/dgospel.com.br\/portal\/index.php\/wp-json\/wp\/v2\/comments?post=1758"}],"version-history":[{"count":1,"href":"https:\/\/dgospel.com.br\/portal\/index.php\/wp-json\/wp\/v2\/posts\/1758\/revisions"}],"predecessor-version":[{"id":1760,"href":"https:\/\/dgospel.com.br\/portal\/index.php\/wp-json\/wp\/v2\/posts\/1758\/revisions\/1760"}],"wp:featuredmedia":[{"embeddable":true,"href":"https:\/\/dgospel.com.br\/portal\/index.php\/wp-json\/wp\/v2\/media\/1759"}],"wp:attachment":[{"href":"https:\/\/dgospel.com.br\/portal\/index.php\/wp-json\/wp\/v2\/media?parent=1758"}],"wp:term":[{"taxonomy":"category","embeddable":true,"href":"https:\/\/dgospel.com.br\/portal\/index.php\/wp-json\/wp\/v2\/categories?post=1758"},{"taxonomy":"post_tag","embeddable":true,"href":"https:\/\/dgospel.com.br\/portal\/index.php\/wp-json\/wp\/v2\/tags?post=1758"}],"curies":[{"name":"wp","href":"https:\/\/api.w.org\/{rel}","templated":true}]}}