{"id":17582,"date":"2023-11-01T09:15:10","date_gmt":"2023-11-01T12:15:10","guid":{"rendered":"http:\/\/dgospel.com.br\/portal\/?p=17582"},"modified":"2023-11-01T09:15:12","modified_gmt":"2023-11-01T12:15:12","slug":"leo-barbosa-apresenta-anteprojeto-de-lei-que-institui-a-criacao-de-creche-para-idoso-no-tocantins","status":"publish","type":"post","link":"https:\/\/dgospel.com.br\/portal\/index.php\/2023\/11\/01\/leo-barbosa-apresenta-anteprojeto-de-lei-que-institui-a-criacao-de-creche-para-idoso-no-tocantins\/","title":{"rendered":"L\u00e9o Barbosa apresenta anteprojeto de lei que institui a cria\u00e7\u00e3o de Creche para Idoso no Tocantins"},"content":{"rendered":"\n<p>O deputado estadual L\u00e9o Barbosa (Republicanos) apresentou nesta ter\u00e7a-feira, 31, um anteprojeto de lei que institui a cria\u00e7\u00e3o de Creche para Idoso no Tocantins, espa\u00e7os que visam conceder aten\u00e7\u00e3o especial \u00e0 pessoas com 60 (sessenta) anos ou mais, para a realiza\u00e7\u00e3o de atividades da vida di\u00e1ria.<\/p>\n\n\n\n<p>Segundo o parlamentar, o objetivo \u00e9 promover qualidade de vida aos idosos, criando espa\u00e7os adequados para oferecer conviv\u00eancia diurna, durante todo o dia ou parte dele, onde receber\u00e3o abrigo, alimenta\u00e7\u00e3o, cuidados espec\u00edficos e realiza\u00e7\u00e3o de atividades diversas. Se acolhido pelo executivo estadual, o projeto ter\u00e1 a inten\u00e7\u00e3o de proporcionar \u00e0 terceira idade acolhimento, abrigo, cuidados, prote\u00e7\u00e3o e conviv\u00eancia adequados \u00e0 suas necessidades. Neste local, os idosos tamb\u00e9m poder\u00e3o contar com servi\u00e7os de sa\u00fade, educa\u00e7\u00e3o f\u00edsica, assist\u00eancia social, nutri\u00e7\u00e3o, dentre outros.<\/p>\n\n\n\n<p>\u201cImagina um trabalhador que sai cedo e precisa deixar o pai ou a m\u00e3e dentro de casa sem fazer nenhuma atividade f\u00edsica e cultural, o dia inteiro de frente para uma televis\u00e3o. Ter um ambiente onde ele possa passar o dia aprendendo, interagindo e descansando significaria ter qualidade de vida na terceira idade. Seria fundamental para as fam\u00edlias\u201d, destacou Barbosa.<\/p>\n\n\n\n<p>Durante a apresenta\u00e7\u00e3o da mat\u00e9ria, L\u00e9o se prontificou a destinar recursos para a execu\u00e7\u00e3o do projeto e destacou que a iniciativa j\u00e1 existe em outros estados. \u201cNo ano que vem, se o governo tiver interesse, eu tenho disposi\u00e7\u00e3o para colocar recurso para que o projeto possa sair do papel, porque \u00e9 uma ideia extraordin\u00e1ria para ajudar muitas fam\u00edlias\u201d, frisou.<\/p>\n","protected":false},"excerpt":{"rendered":"<p>O deputado estadual L\u00e9o Barbosa (Republicanos) apresentou nesta ter\u00e7a-feira, 31, um anteprojeto de lei que institui a cria\u00e7\u00e3o de Creche para Idoso no Tocantins, espa\u00e7os que visam conceder aten\u00e7\u00e3o especial \u00e0 pessoas com 60 (sessenta) anos ou mais, para a realiza\u00e7\u00e3o de atividades da vida di\u00e1ria. Segundo o parlamentar, o objetivo \u00e9 promover qualidade de [&hellip;]<\/p>\n","protected":false},"author":2,"featured_media":17583,"comment_status":"open","ping_status":"open","sticky":false,"template":"","format":"standard","meta":[],"categories":[8],"tags":[13],"_links":{"self":[{"href":"https:\/\/dgospel.com.br\/portal\/index.php\/wp-json\/wp\/v2\/posts\/17582"}],"collection":[{"href":"https:\/\/dgospel.com.br\/portal\/index.php\/wp-json\/wp\/v2\/posts"}],"about":[{"href":"https:\/\/dgospel.com.br\/portal\/index.php\/wp-json\/wp\/v2\/types\/post"}],"author":[{"embeddable":true,"href":"https:\/\/dgospel.com.br\/portal\/index.php\/wp-json\/wp\/v2\/users\/2"}],"replies":[{"embeddable":true,"href":"https:\/\/dgospel.com.br\/portal\/index.php\/wp-json\/wp\/v2\/comments?post=17582"}],"version-history":[{"count":1,"href":"https:\/\/dgospel.com.br\/portal\/index.php\/wp-json\/wp\/v2\/posts\/17582\/revisions"}],"predecessor-version":[{"id":17584,"href":"https:\/\/dgospel.com.br\/portal\/index.php\/wp-json\/wp\/v2\/posts\/17582\/revisions\/17584"}],"wp:featuredmedia":[{"embeddable":true,"href":"https:\/\/dgospel.com.br\/portal\/index.php\/wp-json\/wp\/v2\/media\/17583"}],"wp:attachment":[{"href":"https:\/\/dgospel.com.br\/portal\/index.php\/wp-json\/wp\/v2\/media?parent=17582"}],"wp:term":[{"taxonomy":"category","embeddable":true,"href":"https:\/\/dgospel.com.br\/portal\/index.php\/wp-json\/wp\/v2\/categories?post=17582"},{"taxonomy":"post_tag","embeddable":true,"href":"https:\/\/dgospel.com.br\/portal\/index.php\/wp-json\/wp\/v2\/tags?post=17582"}],"curies":[{"name":"wp","href":"https:\/\/api.w.org\/{rel}","templated":true}]}}