{"id":17585,"date":"2023-11-01T10:53:01","date_gmt":"2023-11-01T13:53:01","guid":{"rendered":"http:\/\/dgospel.com.br\/portal\/?p=17585"},"modified":"2023-11-01T10:53:02","modified_gmt":"2023-11-01T13:53:02","slug":"tse-condena-bolsonaro-por-celebracoes-durante-o-bicentenario-da-independencia","status":"publish","type":"post","link":"https:\/\/dgospel.com.br\/portal\/index.php\/2023\/11\/01\/tse-condena-bolsonaro-por-celebracoes-durante-o-bicentenario-da-independencia\/","title":{"rendered":"TSE condena Bolsonaro por celebra\u00e7\u00f5es durante o bicenten\u00e1rio da independ\u00eancia"},"content":{"rendered":"\n<p>O Tribunal Superior Eleitoral (TSE) alcan\u00e7ou uma maioria, nesta ter\u00e7a-feira (31), que inclui quatro votos a favor da inelegibilidade do ex-presidente Jair Bolsonaro (PL).<\/p>\n\n\n\n<p>O julgamento envolve tr\u00eas a\u00e7\u00f5es que analisam o comportamento de Bolsonaro e de seu candidato a vice, Walter Braga Netto (PL), durante as cerim\u00f4nias do Bicenten\u00e1rio da Independ\u00eancia em 7 de setembro de 2022.<\/p>\n\n\n\n<p>Os ministros que votaram favoravelmente \u00e0 inelegibilidade de Bolsonaro at\u00e9 o momento s\u00e3o:<\/p>\n\n\n\n<ul><li>Benedito Gon\u00e7alves (relator)<\/li><li>Floriano de Azevedo Marques<\/li><li>Andr\u00e9 Ramos Tavares<\/li><li>C\u00e1rmen L\u00facia<\/li><\/ul>\n\n\n\n<p>Por outro lado, o ministro Raul Ara\u00fajo votou contra.<\/p>\n\n\n\n<p>No caso de Braga Netto, ainda n\u00e3o h\u00e1 uma maioria consolidada. Tr\u00eas ministros votaram a favor da condena\u00e7\u00e3o, enquanto dois votaram contra. A diferen\u00e7a de votos est\u00e1 relacionada ao entendimento do relator, que n\u00e3o considerou que a conduta do candidato a vice-presidente justificasse a puni\u00e7\u00e3o.<\/p>\n\n\n\n<p>O relator dos casos, ministro Benedito Gon\u00e7alves, votou a favor da inelegibilidade de Bolsonaro, mas se op\u00f4s a essa puni\u00e7\u00e3o para Braga Netto. Al\u00e9m disso, Benedito votou para condenar ambos ao pagamento de multas, sendo R$ 425.640 para Bolsonaro e R$ 212.820 para Braga Netto.<\/p>\n\n\n\n<p>Para Benedito Gon\u00e7alves, houve uma associa\u00e7\u00e3o evidente entre as comemora\u00e7\u00f5es do bicenten\u00e1rio da Independ\u00eancia e a campanha eleitoral de Bolsonaro e Braga Netto, com a promo\u00e7\u00e3o em reuni\u00f5es partid\u00e1rias e an\u00fancios televisivos instigando apoiadores a participar do evento.<\/p>\n\n\n\n<p>O ministro Floriano de Azevedo seguiu o relator em rela\u00e7\u00e3o a esses pontos, mas tamb\u00e9m defendeu a inelegibilidade de Braga Netto. Se essa posi\u00e7\u00e3o prevalecer, o pol\u00edtico ser\u00e1 impedido de concorrer em elei\u00e7\u00f5es at\u00e9 2030. Ambos os ministros consideraram que houve uma a\u00e7\u00e3o deliberada para mesclar os eventos oficiais de 7 de setembro com atividades eleitorais, explorando o simbolismo da data em benef\u00edcio das candidaturas.<\/p>\n\n\n\n<p>Por outro lado, o ministro Raul Ara\u00fajo discordou e argumentou a favor da rejei\u00e7\u00e3o das a\u00e7\u00f5es, alegando n\u00e3o encontrar irregularidades no caso.<\/p>\n","protected":false},"excerpt":{"rendered":"<p>O Tribunal Superior Eleitoral (TSE) alcan\u00e7ou uma maioria, nesta ter\u00e7a-feira (31), que inclui quatro votos a favor da inelegibilidade do ex-presidente Jair Bolsonaro (PL). O julgamento envolve tr\u00eas a\u00e7\u00f5es que analisam o comportamento de Bolsonaro e de seu candidato a vice, Walter Braga Netto (PL), durante as cerim\u00f4nias do Bicenten\u00e1rio da Independ\u00eancia em 7 de [&hellip;]<\/p>\n","protected":false},"author":2,"featured_media":17586,"comment_status":"open","ping_status":"open","sticky":false,"template":"","format":"standard","meta":[],"categories":[4],"tags":[13],"_links":{"self":[{"href":"https:\/\/dgospel.com.br\/portal\/index.php\/wp-json\/wp\/v2\/posts\/17585"}],"collection":[{"href":"https:\/\/dgospel.com.br\/portal\/index.php\/wp-json\/wp\/v2\/posts"}],"about":[{"href":"https:\/\/dgospel.com.br\/portal\/index.php\/wp-json\/wp\/v2\/types\/post"}],"author":[{"embeddable":true,"href":"https:\/\/dgospel.com.br\/portal\/index.php\/wp-json\/wp\/v2\/users\/2"}],"replies":[{"embeddable":true,"href":"https:\/\/dgospel.com.br\/portal\/index.php\/wp-json\/wp\/v2\/comments?post=17585"}],"version-history":[{"count":1,"href":"https:\/\/dgospel.com.br\/portal\/index.php\/wp-json\/wp\/v2\/posts\/17585\/revisions"}],"predecessor-version":[{"id":17587,"href":"https:\/\/dgospel.com.br\/portal\/index.php\/wp-json\/wp\/v2\/posts\/17585\/revisions\/17587"}],"wp:featuredmedia":[{"embeddable":true,"href":"https:\/\/dgospel.com.br\/portal\/index.php\/wp-json\/wp\/v2\/media\/17586"}],"wp:attachment":[{"href":"https:\/\/dgospel.com.br\/portal\/index.php\/wp-json\/wp\/v2\/media?parent=17585"}],"wp:term":[{"taxonomy":"category","embeddable":true,"href":"https:\/\/dgospel.com.br\/portal\/index.php\/wp-json\/wp\/v2\/categories?post=17585"},{"taxonomy":"post_tag","embeddable":true,"href":"https:\/\/dgospel.com.br\/portal\/index.php\/wp-json\/wp\/v2\/tags?post=17585"}],"curies":[{"name":"wp","href":"https:\/\/api.w.org\/{rel}","templated":true}]}}