{"id":17588,"date":"2023-11-01T11:12:12","date_gmt":"2023-11-01T14:12:12","guid":{"rendered":"http:\/\/dgospel.com.br\/portal\/?p=17588"},"modified":"2023-11-01T11:20:45","modified_gmt":"2023-11-01T14:20:45","slug":"bolivia-decide-romper-relacoes-diplomaticas-com-israel","status":"publish","type":"post","link":"https:\/\/dgospel.com.br\/portal\/index.php\/2023\/11\/01\/bolivia-decide-romper-relacoes-diplomaticas-com-israel\/","title":{"rendered":"Governo de esquerda, Bol\u00edvia \u00e9 1\u00ba pa\u00eds a romper rela\u00e7\u00f5es diplom\u00e1ticas com Israel"},"content":{"rendered":"\n<p>A ministra da Presid\u00eancia da&nbsp;<strong><a href=\"https:\/\/guiame.com.br\/gospel\/noticias\/milhares-de-pessoas-vao-ruas-para-declarar-que-jesus-e-o-senhor-da-bolivia.html\">Bol\u00edvia<\/a><\/strong>, Mar\u00eda Nela Prada, e o vice-chanceler das Rela\u00e7\u00f5es Exteriores, Freddy Mamani, anunciaram juntos a decis\u00e3o do pa\u00eds em romper rela\u00e7\u00f5es diplom\u00e1ticas com Israel.<\/p>\n\n\n\n<p>Com o an\u00fancio, o governo do esquerdista Luis Arce \u00e9 o primeiro na Am\u00e9rica Latina a quebrar rela\u00e7\u00f5es com Israel desde o in\u00edcio do conflito, iniciado ap\u00f3s o grupo terrorista Hamas invadir o pa\u00eds e cometer atrocidades em solo israelense.<\/p>\n\n\n\n<p>Segundo o an\u00fancio, o motivo do rompimento diplom\u00e1tico \u00e9 devido \u00e0 opera\u00e7\u00e3o militar em curso na&nbsp;<strong><a href=\"https:\/\/guiame.com.br\/gospel\/israel\/guerra-entre-israel-e-hamas-o-que-vai-acontecer-agora.html\">Faixa de Gaza<\/a><\/strong>.<\/p>\n\n\n\n<p>A Bol\u00edvia &#8220;tomou a determina\u00e7\u00e3o de romper rela\u00e7\u00f5es diplom\u00e1ticas com o Estado de Israel em rep\u00fadio e condena\u00e7\u00e3o da agressiva e desproporcional ofensiva militar que ocorre na Faixa de Gaza&#8221;, declarou Mamani.<\/p>\n\n\n\n<p>&#8220;Exigimos o fim dos ataques na Faixa de Gaza, que at\u00e9 agora causaram milhares de mortes de civis e o deslocamento for\u00e7ado de palestinos; bem como a cessa\u00e7\u00e3o do bloqueio que impede a entrada de alimentos, \u00e1gua e outros elementos essenciais \u00e0 vida, violando o Direito Internacional e o Direito Internacional Humanit\u00e1rio no tratamento da popula\u00e7\u00e3o civil em conflitos armados&#8221;, disse Prada, que atua como chanceler interina.<\/p>\n\n\n\n<p>Segundo o The Guardian, a Bol\u00edvia tamb\u00e9m \u00e9 o primeiro pa\u00eds do mundo a romper rela\u00e7\u00f5es diplom\u00e1ticas com Israel, como resultado do atual conflito que come\u00e7ou em 7 de outubro, quando o Hamas lan\u00e7ou um ataque violento ao territ\u00f3rio israelense no qual 1,4 mil pessoas foram mortas e outras 200 sequestradas, a maioria civis.<\/p>\n\n\n\n<p><strong>Atrocidades do terrorismo<\/strong><\/p>\n\n\n\n<p>No mesmo dia da invas\u00e3o ao territ\u00f3rio israelense, o primeiro-ministro&nbsp;<strong><a href=\"https:\/\/guiame.com.br\/gospel\/israel\/estamos-em-guerra-israel-sofre-ataque-ao-fim-da-festa-dos-tabernaculos.html\">Benjamin Netanyahu<\/a><\/strong>&nbsp;declarou guerra contra o Hamas, anunciando que seu objetivo \u00e9 eliminar o grupo terrorista, que governa Gaza desde 2007.<\/p>\n\n\n\n<p>O Hamas \u00e9 considerado um grupo terrorista pela Uni\u00e3o Europeia e pelos EUA. As a\u00e7\u00f5es de 7 de outubro deixaram esse status claro.<\/p>\n\n\n\n<p>Segundo imagens divulgadas pelos pr\u00f3prios terroristas, fam\u00edlias inteiras foram mortas dentro de suas casas e de forma cruel, jovens foram assassinados enquanto tentavam fugir em uma festa de m\u00fasica eletr\u00f4nica, crian\u00e7as foram degoladas e queimadas, mulheres foram estupradas e pelo menos uma gr\u00e1vida teve sua barriga aberta enquanto ainda estava viva.<\/p>\n\n\n\n<p>O ex\u00e9rcito israelense encontrou escritos em corpos de terroristas mortos que incentivam a&nbsp;<strong><a href=\"https:\/\/guiame.com.br\/gospel\/israel\/hamas-incentivou-terroristas-decapitar-e-remover-orgaos-de-vitimas-em-israel.html\">decapitar e remover \u00f3rg\u00e3os<\/a><\/strong>&nbsp;de v\u00edtimas em Israel.<\/p>\n","protected":false},"excerpt":{"rendered":"<p>A ministra da Presid\u00eancia da&nbsp;Bol\u00edvia, Mar\u00eda Nela Prada, e o vice-chanceler das Rela\u00e7\u00f5es Exteriores, Freddy Mamani, anunciaram juntos a decis\u00e3o do pa\u00eds em romper rela\u00e7\u00f5es diplom\u00e1ticas com Israel. Com o an\u00fancio, o governo do esquerdista Luis Arce \u00e9 o primeiro na Am\u00e9rica Latina a quebrar rela\u00e7\u00f5es com Israel desde o in\u00edcio do conflito, iniciado ap\u00f3s [&hellip;]<\/p>\n","protected":false},"author":2,"featured_media":17592,"comment_status":"open","ping_status":"open","sticky":false,"template":"","format":"standard","meta":[],"categories":[11,12,16],"tags":[],"_links":{"self":[{"href":"https:\/\/dgospel.com.br\/portal\/index.php\/wp-json\/wp\/v2\/posts\/17588"}],"collection":[{"href":"https:\/\/dgospel.com.br\/portal\/index.php\/wp-json\/wp\/v2\/posts"}],"about":[{"href":"https:\/\/dgospel.com.br\/portal\/index.php\/wp-json\/wp\/v2\/types\/post"}],"author":[{"embeddable":true,"href":"https:\/\/dgospel.com.br\/portal\/index.php\/wp-json\/wp\/v2\/users\/2"}],"replies":[{"embeddable":true,"href":"https:\/\/dgospel.com.br\/portal\/index.php\/wp-json\/wp\/v2\/comments?post=17588"}],"version-history":[{"count":2,"href":"https:\/\/dgospel.com.br\/portal\/index.php\/wp-json\/wp\/v2\/posts\/17588\/revisions"}],"predecessor-version":[{"id":17593,"href":"https:\/\/dgospel.com.br\/portal\/index.php\/wp-json\/wp\/v2\/posts\/17588\/revisions\/17593"}],"wp:featuredmedia":[{"embeddable":true,"href":"https:\/\/dgospel.com.br\/portal\/index.php\/wp-json\/wp\/v2\/media\/17592"}],"wp:attachment":[{"href":"https:\/\/dgospel.com.br\/portal\/index.php\/wp-json\/wp\/v2\/media?parent=17588"}],"wp:term":[{"taxonomy":"category","embeddable":true,"href":"https:\/\/dgospel.com.br\/portal\/index.php\/wp-json\/wp\/v2\/categories?post=17588"},{"taxonomy":"post_tag","embeddable":true,"href":"https:\/\/dgospel.com.br\/portal\/index.php\/wp-json\/wp\/v2\/tags?post=17588"}],"curies":[{"name":"wp","href":"https:\/\/api.w.org\/{rel}","templated":true}]}}