{"id":1761,"date":"2018-11-05T23:58:54","date_gmt":"2018-11-06T01:58:54","guid":{"rendered":"http:\/\/dgospel.com.br\/portal\/?p=1761"},"modified":"2018-11-05T23:58:54","modified_gmt":"2018-11-06T01:58:54","slug":"policia-militar-realiza-curso-para-implantacao-da-patrulha-maria-da-penha-no-tocantins","status":"publish","type":"post","link":"https:\/\/dgospel.com.br\/portal\/index.php\/2018\/11\/05\/policia-militar-realiza-curso-para-implantacao-da-patrulha-maria-da-penha-no-tocantins\/","title":{"rendered":"Pol\u00edcia Militar realiza curso para implanta\u00e7\u00e3o da Patrulha Maria da Penha no Tocantins"},"content":{"rendered":"<p>Ocorreu na manh\u00e3 desta segunda-feira, 5, no audit\u00f3rio do Quartel do Comando Geral da Pol\u00edcia Militar, em Palmas, a aula inaugural do Curso Nacional Patrulha Maria da Penha, promovido por meio de uma parceria entre a Pol\u00edcia Militar do Tocantins e o Minist\u00e9rio da Seguran\u00e7a P\u00fablica. O curso ser\u00e1 realizado nos dias 5 a 14 de novembro.<\/p>\n<p>O evento contou com a participa\u00e7\u00e3o do comandante geral da Pol\u00edcia Militar, coronel PM Jaizon Veras Barbosa; da promotora de justi\u00e7a da Vara da Fam\u00edlia de Palmas, Beatriz Regina Lima de Mello; da promotora de justi\u00e7a do Minist\u00e9rio P\u00fablico e Assessora Especial do Procurador Geral de Justi\u00e7a, Tha\u00eds Cairo Souza Lopes; da secret\u00e1ria de Seguran\u00e7a e Mobilidade Urbana de Palmas, tenente coronel PM Welere Gomes Barbosa; dentre outras autoridades, policiais militares e convidados.<\/p>\n<p>O curso que est\u00e1 em sua 7\u00aa edi\u00e7\u00e3o, visa habilitar multiplicadores, integrantes do sistema de seguran\u00e7a p\u00fablica, sobre os conhecimentos necess\u00e1rios para o enfrentamento (preven\u00e7\u00e3o e combate) da viol\u00eancia dom\u00e9stica e familiar contra a mulher. A instru\u00e7\u00e3o ser\u00e1 ministrada para\u00a040 profissionais das tr\u00eas for\u00e7as que lidam diretamente com este tipo de delito, Pol\u00edcia Militar, Pol\u00edcia Civil e Guarda Metropolitana.<\/p>\n<p>Ap\u00f3s a conclus\u00e3o do curso os participantes se tornam \u201cmultiplicadores\u201d, e poder\u00e3o compartilhar seus conhecimentos com integrantes de suas corpora\u00e7\u00f5es nas a\u00e7\u00f5es e estrat\u00e9gias para o enfrentamento da viol\u00eancia contra a mulher. A capacita\u00e7\u00e3o apresenta uma carga hor\u00e1ria de 120 h\/a sendo 60 h\/a no formato presencial e outras 60 h\/a no formato de ensino a dist\u00e2ncia.<\/p>\n<p>O comandante geral da PM, coronel Jaizon Veras Barbosa, lembrou que\u00a0a viol\u00eancia contra a mulher \u00e9 um tema recorrente na contemporaneidade e as institui\u00e7\u00f5es p\u00fablicas precisam atuar em conjunto para minimizar os seus efeitos. \u201cPreocupados com os avan\u00e7os desta natureza de ocorr\u00eancias, e com a proposta de redirecionar a Pol\u00edcia Militar para a rede de enfrentamento \u00e0 viol\u00eancia contra a mulher, tendo como refer\u00eancia o que j\u00e1 est\u00e1 previsto na Secretaria de Pol\u00edticas para as Mulheres, do Governo Federal, n\u00e3o medimos esfor\u00e7os para que fosse implantada a Patrulha Maria da Penha no Tocantins\u201d, esclareceu.<\/p>\n<p>\u201cN\u00e3o \u00e9 poss\u00edvel aceitarmos que, somente em 2018, de janeiro a outubro, tenhamos realizado, no Tocantins, 2.649 atendimentos, os quais d\u00e3o uma m\u00e9dia de nove atendimentos por dia. H\u00e1 dias que o Tocantins registra 30 atendimentos em apenas 24 horas\u201d, destacou o comandante. O coronel Jaizon Veras acrescentou que mesmo n\u00e3o figurando entre os estados com maior incid\u00eancia de viol\u00eancia contra a mulher, o Tocantins precisa abaixar os \u00edndices, trazendo condi\u00e7\u00f5es para a preven\u00e7\u00e3o e o enfrentamento contra esta viol\u00eancia.<\/p>\n<p>\u201cOs novos multiplicadores que est\u00e3o sendo formados n\u00e3o somente conhecer\u00e3o a rede de enfrentamento \u00e0 viol\u00eancia dom\u00e9stica e familiar contra a mulher, como conhecer\u00e3o t\u00e9cnicas e servi\u00e7os dispon\u00edveis para este grupo vulner\u00e1vel, identificando seus fatores de risco e prote\u00e7\u00e3o para, assim, definir um plano de seguran\u00e7a vi\u00e1vel, exequ\u00edvel e, sobretudo, eficiente e integrado no combate a este mal que ainda assola nossa sociedade\u201d finalizou coronel Jaizon.<\/p>\n","protected":false},"excerpt":{"rendered":"<p>Ocorreu na manh\u00e3 desta segunda-feira, 5, no audit\u00f3rio do Quartel do Comando Geral da Pol\u00edcia Militar, em Palmas, a aula inaugural do Curso Nacional Patrulha Maria da Penha, promovido por meio de uma parceria entre a Pol\u00edcia Militar do Tocantins e o Minist\u00e9rio da Seguran\u00e7a P\u00fablica. O curso ser\u00e1 realizado nos dias 5 a 14 [&hellip;]<\/p>\n","protected":false},"author":2,"featured_media":1762,"comment_status":"open","ping_status":"open","sticky":false,"template":"","format":"standard","meta":[],"categories":[2,3],"tags":[],"_links":{"self":[{"href":"https:\/\/dgospel.com.br\/portal\/index.php\/wp-json\/wp\/v2\/posts\/1761"}],"collection":[{"href":"https:\/\/dgospel.com.br\/portal\/index.php\/wp-json\/wp\/v2\/posts"}],"about":[{"href":"https:\/\/dgospel.com.br\/portal\/index.php\/wp-json\/wp\/v2\/types\/post"}],"author":[{"embeddable":true,"href":"https:\/\/dgospel.com.br\/portal\/index.php\/wp-json\/wp\/v2\/users\/2"}],"replies":[{"embeddable":true,"href":"https:\/\/dgospel.com.br\/portal\/index.php\/wp-json\/wp\/v2\/comments?post=1761"}],"version-history":[{"count":1,"href":"https:\/\/dgospel.com.br\/portal\/index.php\/wp-json\/wp\/v2\/posts\/1761\/revisions"}],"predecessor-version":[{"id":1763,"href":"https:\/\/dgospel.com.br\/portal\/index.php\/wp-json\/wp\/v2\/posts\/1761\/revisions\/1763"}],"wp:featuredmedia":[{"embeddable":true,"href":"https:\/\/dgospel.com.br\/portal\/index.php\/wp-json\/wp\/v2\/media\/1762"}],"wp:attachment":[{"href":"https:\/\/dgospel.com.br\/portal\/index.php\/wp-json\/wp\/v2\/media?parent=1761"}],"wp:term":[{"taxonomy":"category","embeddable":true,"href":"https:\/\/dgospel.com.br\/portal\/index.php\/wp-json\/wp\/v2\/categories?post=1761"},{"taxonomy":"post_tag","embeddable":true,"href":"https:\/\/dgospel.com.br\/portal\/index.php\/wp-json\/wp\/v2\/tags?post=1761"}],"curies":[{"name":"wp","href":"https:\/\/api.w.org\/{rel}","templated":true}]}}