{"id":17610,"date":"2023-11-01T12:33:12","date_gmt":"2023-11-01T15:33:12","guid":{"rendered":"http:\/\/dgospel.com.br\/portal\/?p=17610"},"modified":"2023-11-01T12:33:13","modified_gmt":"2023-11-01T15:33:13","slug":"saude-conscientiza-a-populacao-masculina-sobre-o-cancer-de-prostata-durante-campanha-novembro-azul","status":"publish","type":"post","link":"https:\/\/dgospel.com.br\/portal\/index.php\/2023\/11\/01\/saude-conscientiza-a-populacao-masculina-sobre-o-cancer-de-prostata-durante-campanha-novembro-azul\/","title":{"rendered":"Sa\u00fade conscientiza a popula\u00e7\u00e3o masculina sobre o c\u00e2ncer de pr\u00f3stata durante campanha Novembro Azul"},"content":{"rendered":"\n<p>A campanha Novembro Azul tem como objetivo a conscientiza\u00e7\u00e3o sobre a sa\u00fade dos homens, especialmente a preven\u00e7\u00e3o do c\u00e2ncer de pr\u00f3stata. Durante todo o m\u00eas a Secretaria de Estado da Sa\u00fade (SES-TO) incentivar\u00e1 os munic\u00edpios a realizarem a\u00e7\u00f5es junto \u00e0 popula\u00e7\u00e3o masculina para o cuidado com a sa\u00fade, a partir de exames regulares, exerc\u00edcios f\u00edsicos, alimenta\u00e7\u00e3o equilibrada e a pr\u00e1tica do sexo seguro.<\/p>\n\n\n\n<p>De acordo com Instituto Nacional do C\u00e2ncer (Inca), \u00f3rg\u00e3o respons\u00e1vel pela coordena\u00e7\u00e3o das a\u00e7\u00f5es integradas para a preven\u00e7\u00e3o e o controle do c\u00e2ncer no Brasil, atualmente o c\u00e2ncer de pr\u00f3stata \u00e9 a segunda causa de \u00f3bito por c\u00e2ncer na popula\u00e7\u00e3o masculina; um homem morre a cada 38 minutos devido \u00e0 doen\u00e7a e 28,6% da popula\u00e7\u00e3o masculina desenvolve neoplasias malignas. Estimam-se 71.730 novos casos de c\u00e2ncer de pr\u00f3stata por ano para o tri\u00eanio 2023-2025, o que reafirma seu destaque epidemiol\u00f3gico no pa\u00eds.<\/p>\n\n\n\n<p>\u201cCulturalmente, a popula\u00e7\u00e3o masculina tende a procurar menos os servi\u00e7os de sa\u00fade, com foco na preven\u00e7\u00e3o de doen\u00e7as, assim, a busca para realizar o exame da pr\u00f3stata ainda \u00e9 tratado como tabu que, associado ao preconceito em torno do exame, muitos homens s\u00e3o diagnosticados quando a doen\u00e7a j\u00e1 est\u00e1 em estado mais avan\u00e7ado, sendo este fato o principal respons\u00e1vel pelas altas taxas de \u00f3bitos\u201d, afirmou o profissional da \u00e1rea t\u00e9cnica de Sa\u00fade do Homem\/SES-TO, T\u00e1rley Abdala.<\/p>\n\n\n\n<p>Segundo o presidente da Sociedade Brasileira de Urologia no Tocantins, Adelmo Ayres Negre, \u201c\u00e9 preciso realizar consultas m\u00e9dicas frequentemente para prevenir e diagnosticar na fase inicial. O c\u00e2ncer de pr\u00f3stata n\u00e3o apresenta sintomas e por esse motivo \u00e9 importante ficar atento aos sinais do corpo que podem indicar a presen\u00e7a da doen\u00e7a, como dor \u00f3ssea, dores ao urinar, vontade de urinar com frequ\u00eancia e presen\u00e7a de sangue na urina e\/ou no s\u00eamen. \u00c9 importante fazer o acompanhamento\u201d.<\/p>\n\n\n\n<p>Para o m\u00e9dico oncologista do Hospital Geral de Palmas (HGP), Lucas Burigo Guglielmi, \u201co checkup com a medi\u00e7\u00e3o dos n\u00edveis sangu\u00edneos do Ant\u00edgeno Prost\u00e1tico Espec\u00edfico precisa ser feito mesmo sem sintomas, porque assim conseguiremos diagnosticar precocemente o tumor. O PSA e o toque retal s\u00e3o exames complementares que se somam para conseguirmos melhor diagnosticar. Quanto antes diagnosticarmos o c\u00e2ncer de pr\u00f3stata melhor a chance de cura, os tumores iniciais apresentam chance de cura acima de 90% dos casos\u201d.<\/p>\n\n\n\n<p>O especialista acrescenta que \u201cquando o corpo come\u00e7a a apresentar sinais e sintomas de c\u00e2ncer de pr\u00f3stata, cerca de 90% dos tumores j\u00e1 se encontram em fase avan\u00e7ada, dificultando a cura, por esse motivo \u00e9 t\u00e3o importante campanhas como o Novembro Azul, que incentivam o homem a procurar o rastreio do c\u00e2ncer e isso com certeza vai impactar nas chances de cura\u201d.<\/p>\n\n\n\n<p><strong>Dados<\/strong><\/p>\n\n\n\n<p>No Tocantins, dados do Sistema de Informa\u00e7\u00f5es de C\u00e2ncer (Siscan) do Minist\u00e9rio da Sa\u00fade (MS), apontam que em 2022 um total de 202 pacientes foram diagnosticados com neoplasia maligna da pr\u00f3stata e em 2023, at\u00e9 o m\u00eas de outubro, 64 pacientes haviam sido diagnosticados.<\/p>\n\n\n\n<p>O paciente com diagn\u00f3stico de c\u00e2ncer de pr\u00f3stata tem assist\u00eancia integral na rede p\u00fablica de sa\u00fade. A SES-TO disp\u00f5e de duas Unidades de Assist\u00eancia de Alta Complexidade em Oncologia (Unacon), em Palmas e Aragua\u00edna, destinadas exclusivamente para o tratamento dos c\u00e2nceres mais prevalentes no Estado, incluindo o c\u00e2ncer de pr\u00f3stata. Nestas unidades est\u00e3o dispon\u00edveis os tratamentos em cirurgia, radioterapia, hormonioterapia e quimioterapia, conforme crit\u00e9rio m\u00e9dico.<\/p>\n","protected":false},"excerpt":{"rendered":"<p>A campanha Novembro Azul tem como objetivo a conscientiza\u00e7\u00e3o sobre a sa\u00fade dos homens, especialmente a preven\u00e7\u00e3o do c\u00e2ncer de pr\u00f3stata. Durante todo o m\u00eas a Secretaria de Estado da Sa\u00fade (SES-TO) incentivar\u00e1 os munic\u00edpios a realizarem a\u00e7\u00f5es junto \u00e0 popula\u00e7\u00e3o masculina para o cuidado com a sa\u00fade, a partir de exames regulares, exerc\u00edcios f\u00edsicos, [&hellip;]<\/p>\n","protected":false},"author":2,"featured_media":17611,"comment_status":"open","ping_status":"open","sticky":false,"template":"","format":"standard","meta":[],"categories":[3],"tags":[13],"_links":{"self":[{"href":"https:\/\/dgospel.com.br\/portal\/index.php\/wp-json\/wp\/v2\/posts\/17610"}],"collection":[{"href":"https:\/\/dgospel.com.br\/portal\/index.php\/wp-json\/wp\/v2\/posts"}],"about":[{"href":"https:\/\/dgospel.com.br\/portal\/index.php\/wp-json\/wp\/v2\/types\/post"}],"author":[{"embeddable":true,"href":"https:\/\/dgospel.com.br\/portal\/index.php\/wp-json\/wp\/v2\/users\/2"}],"replies":[{"embeddable":true,"href":"https:\/\/dgospel.com.br\/portal\/index.php\/wp-json\/wp\/v2\/comments?post=17610"}],"version-history":[{"count":1,"href":"https:\/\/dgospel.com.br\/portal\/index.php\/wp-json\/wp\/v2\/posts\/17610\/revisions"}],"predecessor-version":[{"id":17612,"href":"https:\/\/dgospel.com.br\/portal\/index.php\/wp-json\/wp\/v2\/posts\/17610\/revisions\/17612"}],"wp:featuredmedia":[{"embeddable":true,"href":"https:\/\/dgospel.com.br\/portal\/index.php\/wp-json\/wp\/v2\/media\/17611"}],"wp:attachment":[{"href":"https:\/\/dgospel.com.br\/portal\/index.php\/wp-json\/wp\/v2\/media?parent=17610"}],"wp:term":[{"taxonomy":"category","embeddable":true,"href":"https:\/\/dgospel.com.br\/portal\/index.php\/wp-json\/wp\/v2\/categories?post=17610"},{"taxonomy":"post_tag","embeddable":true,"href":"https:\/\/dgospel.com.br\/portal\/index.php\/wp-json\/wp\/v2\/tags?post=17610"}],"curies":[{"name":"wp","href":"https:\/\/api.w.org\/{rel}","templated":true}]}}