{"id":17626,"date":"2023-11-06T09:16:27","date_gmt":"2023-11-06T12:16:27","guid":{"rendered":"http:\/\/dgospel.com.br\/portal\/?p=17626"},"modified":"2023-11-06T09:16:29","modified_gmt":"2023-11-06T12:16:29","slug":"senado-da-franca-proibe-uso-oficial-de-linguagem-neutra","status":"publish","type":"post","link":"https:\/\/dgospel.com.br\/portal\/index.php\/2023\/11\/06\/senado-da-franca-proibe-uso-oficial-de-linguagem-neutra\/","title":{"rendered":"Senado da Fran\u00e7a pro\u00edbe uso oficial de linguagem neutra"},"content":{"rendered":"\n<p>O Senado franc\u00eas aprovou uma proposta de lei que pro\u00edbe o uso da&nbsp;<strong><a href=\"https:\/\/guiame.com.br\/gospel\/noticias\/linguagem-inclusiva-escola-nos-eua-descreve-mulher-como-pessoa-que-produz-ovulos.html\">linguagem inclusiva<\/a><\/strong>&nbsp;de g\u00eanero nas comunica\u00e7\u00f5es oficiais na Fran\u00e7a.<\/p>\n\n\n\n<p>A legisla\u00e7\u00e3o agora segue para vota\u00e7\u00e3o na Assembleia Nacional, embora ainda n\u00e3o tenha sido anunciada uma data.<\/p>\n\n\n\n<p><strong><a href=\"https:\/\/guiame.com.br\/gospel\/noticias\/macron-quer-aborto-na-constituicao-liberdade-das-mulheres-sera-irreversivel.html\">Emmanuel Macron<\/a><\/strong>&nbsp;disse na segunda-feira (30\/10), que a Fran\u00e7a n\u00e3o deve se render \u00e0s tend\u00eancias atuais, mas rejeitar o uso da linguagem inclusiva de g\u00eanero, visando preservar a l\u00edngua francesa.<\/p>\n\n\n\n<p>\u201cN\u00e3o h\u00e1 necessidade de adicionar pontos no meio das palavras, ou hifens, ou qualquer outra coisa para torn\u00e1-la leg\u00edvel\u201d, disse Macron. Ele tamb\u00e9m declarou que o franc\u00eas \u00e9 uma l\u00edngua que \u201cconstr\u00f3i a unidade da na\u00e7\u00e3o\u201d.<\/p>\n\n\n\n<p>\u201cPrecisamos deixar de viver esta l\u00edngua, de se inspirar nos outros, de roubar palavras, inclusive do outro lado do mundo (\u2026) para continuar a inventar, mas tamb\u00e9m para manter os seus alicerces, os fundamentos da sua gram\u00e1tica\u201d, disse Macron.<\/p>\n\n\n\n<p>A iniciativa do Senado visa a anular a validade de qualquer documento que use a linguagem inclusiva.<\/p>\n\n\n\n<p><strong>Proibi\u00e7\u00f5es<\/strong><\/p>\n\n\n\n<p>A legisla\u00e7\u00e3o deve proibir o uso desse tipo de linguagem inclusiva no ambiente de trabalho, em an\u00fancios publicit\u00e1rios e em contratos, &#8220;sempre que a legisla\u00e7\u00e3o (ou \u00f3rg\u00e3os reguladores) exigir que um texto seja redigido em franc\u00eas&#8221;.<\/p>\n\n\n\n<p>A esposa do presidente franc\u00eas, Brigitte Macron, juntamente com a Acad\u00e9mie Fran\u00e7aise, t\u00eam protestado h\u00e1 algum tempo contra o que consideram um &#8220;abuso b\u00e1rbaro de sintaxe&#8221;.<\/p>\n\n\n\n<p>Macron destacou a exist\u00eancia de dois pronomes, &#8220;ele&#8221; e &#8220;ela&#8221;. &#8220;A l\u00edngua \u00e9 bela. E dois pronomes est\u00e3o adequados.&#8221;<\/p>\n\n\n\n<p><strong>&#8220;Um obst\u00e1culo \u00e0 compreens\u00e3o&#8221;<\/strong><\/p>\n\n\n\n<p>A proibi\u00e7\u00e3o foi sugerida por Pascale Gruny, senadora do partido Les R\u00e9publicains pelo departamento de Aisne, que se recusou a usar o termo neutro para &#8220;senadora&#8221;.<\/p>\n\n\n\n<p>Em declara\u00e7\u00f5es \u00e0 m\u00eddia francesa, ela afirmou que a escrita inclusiva corre o risco de tornar a linguagem menos acess\u00edvel para pessoas com dificuldades de alfabetiza\u00e7\u00e3o ou defici\u00eancias, representando uma &#8220;ideologia que amea\u00e7a a clareza de nosso idioma&#8221;.<\/p>\n\n\n\n<p>Em 2021, a Acad\u00e9mie Fran\u00e7aise argumentou esse ponto em uma carta aberta desencorajando o uso de tal linguagem.<\/p>\n\n\n\n<p><strong>\u2018Segunda l\u00edngua\u2019<\/strong><\/p>\n\n\n\n<p>\u201cAl\u00e9m do fato de que n\u00e3o corresponde \u00e0 l\u00edngua falada, essencialmente imp\u00f5e uma segunda l\u00edngua, cuja complexidade penaliza as pessoas com defici\u00eancias cognitivas, como dislexia, dispraxia ou apraxia.<\/p>\n\n\n\n<p>\u201cEm \u00faltima an\u00e1lise, essa tentativa de tornar as coisas mais justas simplesmente refor\u00e7a a desigualdade\u201d.<\/p>\n\n\n\n<p>Marine Le Pen, do partido de direita Rassemblement National, foi ao X (antigo Twitter) apoiar a proibi\u00e7\u00e3o, afirmando que a l\u00edngua francesa \u00e9 um tesouro que \u201cdeve ser protegido contra o wokerismo, do qual a linguagem inclusiva \u00e9 outra manifesta\u00e7\u00e3o sinistra e grotesca\u201d.<\/p>\n","protected":false},"excerpt":{"rendered":"<p>O Senado franc\u00eas aprovou uma proposta de lei que pro\u00edbe o uso da&nbsp;linguagem inclusiva&nbsp;de g\u00eanero nas comunica\u00e7\u00f5es oficiais na Fran\u00e7a. A legisla\u00e7\u00e3o agora segue para vota\u00e7\u00e3o na Assembleia Nacional, embora ainda n\u00e3o tenha sido anunciada uma data. Emmanuel Macron&nbsp;disse na segunda-feira (30\/10), que a Fran\u00e7a n\u00e3o deve se render \u00e0s tend\u00eancias atuais, mas rejeitar o [&hellip;]<\/p>\n","protected":false},"author":2,"featured_media":17627,"comment_status":"open","ping_status":"open","sticky":false,"template":"","format":"standard","meta":[],"categories":[11,12,16],"tags":[],"_links":{"self":[{"href":"https:\/\/dgospel.com.br\/portal\/index.php\/wp-json\/wp\/v2\/posts\/17626"}],"collection":[{"href":"https:\/\/dgospel.com.br\/portal\/index.php\/wp-json\/wp\/v2\/posts"}],"about":[{"href":"https:\/\/dgospel.com.br\/portal\/index.php\/wp-json\/wp\/v2\/types\/post"}],"author":[{"embeddable":true,"href":"https:\/\/dgospel.com.br\/portal\/index.php\/wp-json\/wp\/v2\/users\/2"}],"replies":[{"embeddable":true,"href":"https:\/\/dgospel.com.br\/portal\/index.php\/wp-json\/wp\/v2\/comments?post=17626"}],"version-history":[{"count":1,"href":"https:\/\/dgospel.com.br\/portal\/index.php\/wp-json\/wp\/v2\/posts\/17626\/revisions"}],"predecessor-version":[{"id":17628,"href":"https:\/\/dgospel.com.br\/portal\/index.php\/wp-json\/wp\/v2\/posts\/17626\/revisions\/17628"}],"wp:featuredmedia":[{"embeddable":true,"href":"https:\/\/dgospel.com.br\/portal\/index.php\/wp-json\/wp\/v2\/media\/17627"}],"wp:attachment":[{"href":"https:\/\/dgospel.com.br\/portal\/index.php\/wp-json\/wp\/v2\/media?parent=17626"}],"wp:term":[{"taxonomy":"category","embeddable":true,"href":"https:\/\/dgospel.com.br\/portal\/index.php\/wp-json\/wp\/v2\/categories?post=17626"},{"taxonomy":"post_tag","embeddable":true,"href":"https:\/\/dgospel.com.br\/portal\/index.php\/wp-json\/wp\/v2\/tags?post=17626"}],"curies":[{"name":"wp","href":"https:\/\/api.w.org\/{rel}","templated":true}]}}