{"id":17632,"date":"2023-11-06T12:59:52","date_gmt":"2023-11-06T15:59:52","guid":{"rendered":"http:\/\/dgospel.com.br\/portal\/?p=17632"},"modified":"2023-11-06T12:59:54","modified_gmt":"2023-11-06T15:59:54","slug":"policiais-civis-e-militares-aprimoram-conhecimentos-sobre-atendimento-especializado-a-crianca-e-ao-adolescente","status":"publish","type":"post","link":"https:\/\/dgospel.com.br\/portal\/index.php\/2023\/11\/06\/policiais-civis-e-militares-aprimoram-conhecimentos-sobre-atendimento-especializado-a-crianca-e-ao-adolescente\/","title":{"rendered":"Policiais Civis e Militares aprimoram conhecimentos sobre atendimento especializado \u00e0 crian\u00e7a e ao adolescente"},"content":{"rendered":"\n<p>Para unir o conhecimento acad\u00eamico com a viv\u00eancia dos operadores de seguran\u00e7a p\u00fablica, o Minist\u00e9rio da Justi\u00e7a e Seguran\u00e7a P\u00fablica est\u00e1 promovendo em todo o pa\u00eds o Curso Nacional de Atendimento \u00e0s Crian\u00e7as e Adolescentes. No Tocantins, o curso iniciou nesta segunda-feira, 6, e segue at\u00e9 a pr\u00f3xima sexta-feira, 10, na Escola Superior de Pol\u00edcia (Espol), sendo destinado a policiais civis e militares.<\/p>\n\n\n\n<p>O objetivo \u00e9 oportunizar, aos alunos, os conhecimentos necess\u00e1rios para desenvolver e apoiar a\u00e7\u00f5es articuladas, destinadas \u00e0 preven\u00e7\u00e3o e \u00e0 repress\u00e3o \u00e0 viol\u00eancia e \u00e0 criminalidade relacionadas \u00e0s crian\u00e7as e aos adolescentes.<\/p>\n\n\n\n<p>O supervisor nacional do curso, Deivison Figueiredo Vieira, destacou que o foco do Minist\u00e9rio da Justi\u00e7a \u00e9 ampliar o conhecimento dos policiais. \u201cA tend\u00eancia \u00e9 que possamos atingir todas as unidades federativas, unindo a viv\u00eancia da seguran\u00e7a p\u00fablica e a expertise dos policiais civis e militares com uma nova vis\u00e3o de atendimento associando a \u00e1rea acad\u00eamica, educacional e social. Nosso corpo docente tem uma qualidade gigantesca, estamos trazendo os doutores das universidades federais de Bras\u00edlia, S\u00e3o Paulo e Rio de Janeiro para abrilhantar ainda mais o curso\u201d, destacou o supervisor, lembrando que, at\u00e9 o momento, o curso foi ministrado em Manaus (AM) e Aracaju (SE).<\/p>\n\n\n\n<p>A supervisora de Ensino da Espol, Adriana Ramalho, falou de sua experi\u00eancia na \u00e1rea, tendo atuado por v\u00e1rios anos na Delegacia Especializada de Prote\u00e7\u00e3o \u00e0 Crian\u00e7a e ao Adolescente (DPCA &#8211; Palmas) e destacou a import\u00e2ncia do curso. \u201cTemos a grata honra de receber o Minist\u00e9rio da Justi\u00e7a, que nos traz um conhecimento mais aprofundado. Somos humanos e \u00e9 normal que a dor do outro nos atravesse, entretanto, o que n\u00f3s precisamos saber \u00e9 qual o nosso papel naquele momento, para prestar um atendimento de excel\u00eancia\u201d, frisou.<\/p>\n\n\n\n<p><img src=\"https:\/\/central.to.gov.br\/image\/353724?w=670&amp;h=383\"><\/p>\n\n\n\n<p>Supervisora de Ensino da Espol, Adriana Ramalho, falou da import\u00e2ncia do curso para o melhor atendimento \u00e0s v\u00edtimas &#8211; Vania Machado\/Governo do Tocantins<\/p>\n\n\n\n<p><img src=\"https:\/\/central.to.gov.br\/image\/353725?w=670&amp;h=383\"><\/p>\n\n\n\n<p>Supervisor nacional destacou que o foco do Minist\u00e9rio da Justi\u00e7a \u00e9 ampliar o conhecimento dos policiais civis e militares &#8211; Vania Machado\/Governo do Tocantins\u00a0<\/p>\n","protected":false},"excerpt":{"rendered":"<p>Para unir o conhecimento acad\u00eamico com a viv\u00eancia dos operadores de seguran\u00e7a p\u00fablica, o Minist\u00e9rio da Justi\u00e7a e Seguran\u00e7a P\u00fablica est\u00e1 promovendo em todo o pa\u00eds o Curso Nacional de Atendimento \u00e0s Crian\u00e7as e Adolescentes. No Tocantins, o curso iniciou nesta segunda-feira, 6, e segue at\u00e9 a pr\u00f3xima sexta-feira, 10, na Escola Superior de Pol\u00edcia [&hellip;]<\/p>\n","protected":false},"author":2,"featured_media":17633,"comment_status":"open","ping_status":"open","sticky":false,"template":"","format":"standard","meta":[],"categories":[3],"tags":[13],"_links":{"self":[{"href":"https:\/\/dgospel.com.br\/portal\/index.php\/wp-json\/wp\/v2\/posts\/17632"}],"collection":[{"href":"https:\/\/dgospel.com.br\/portal\/index.php\/wp-json\/wp\/v2\/posts"}],"about":[{"href":"https:\/\/dgospel.com.br\/portal\/index.php\/wp-json\/wp\/v2\/types\/post"}],"author":[{"embeddable":true,"href":"https:\/\/dgospel.com.br\/portal\/index.php\/wp-json\/wp\/v2\/users\/2"}],"replies":[{"embeddable":true,"href":"https:\/\/dgospel.com.br\/portal\/index.php\/wp-json\/wp\/v2\/comments?post=17632"}],"version-history":[{"count":1,"href":"https:\/\/dgospel.com.br\/portal\/index.php\/wp-json\/wp\/v2\/posts\/17632\/revisions"}],"predecessor-version":[{"id":17634,"href":"https:\/\/dgospel.com.br\/portal\/index.php\/wp-json\/wp\/v2\/posts\/17632\/revisions\/17634"}],"wp:featuredmedia":[{"embeddable":true,"href":"https:\/\/dgospel.com.br\/portal\/index.php\/wp-json\/wp\/v2\/media\/17633"}],"wp:attachment":[{"href":"https:\/\/dgospel.com.br\/portal\/index.php\/wp-json\/wp\/v2\/media?parent=17632"}],"wp:term":[{"taxonomy":"category","embeddable":true,"href":"https:\/\/dgospel.com.br\/portal\/index.php\/wp-json\/wp\/v2\/categories?post=17632"},{"taxonomy":"post_tag","embeddable":true,"href":"https:\/\/dgospel.com.br\/portal\/index.php\/wp-json\/wp\/v2\/tags?post=17632"}],"curies":[{"name":"wp","href":"https:\/\/api.w.org\/{rel}","templated":true}]}}