{"id":17644,"date":"2023-11-06T23:30:59","date_gmt":"2023-11-07T02:30:59","guid":{"rendered":"http:\/\/dgospel.com.br\/portal\/?p=17644"},"modified":"2023-11-06T23:31:00","modified_gmt":"2023-11-07T02:31:00","slug":"wanderlei-barbosa-participa-de-lancamento-do-novo-pac-no-tocantins","status":"publish","type":"post","link":"https:\/\/dgospel.com.br\/portal\/index.php\/2023\/11\/06\/wanderlei-barbosa-participa-de-lancamento-do-novo-pac-no-tocantins\/","title":{"rendered":"Wanderlei Barbosa participa de lan\u00e7amento do Novo PAC no Tocantins"},"content":{"rendered":"\n<p>O governador Wanderlei Barbosa recebeu, na tarde desta segunda-feira, 6, na Escola Estadual Professora Eliz\u00e2ngela Gl\u00f3ria Cardoso, em Palmas, o ministro da Casa Civil, Rui Costa, que veio a Capital para apresentar o plano de investimentos do Governo Federal, o Novo PAC (Programa de Acelera\u00e7\u00e3o do Crescimento), para o Tocantins. Na ocasi\u00e3o, tamb\u00e9m estiveram presentes o ministro de Portos e Aeroportos, Silvio Filho; o ministro das Comunica\u00e7\u00f5es, Juscelino Filho; e o ministro do Esporte, Andr\u00e9 Fufuca. O investimento total de recursos que foram destinados para o Tocantins \u00e9 de R$ 35,7 bilh\u00f5es.\u00a0<br><br>O Chefe do Executivo do Estado agradeceu a visita dos ministros e ressaltou que o novo PAC \u00e9 um projeto para resgatar o Brasil. \u201cPrimeiramente quero agradecer ao ministro da Casa Civil, Rui Costa, e aos demais ministros que est\u00e3o aqui hoje. Por meio do Novo PAC, teremos a possibilidade de construir novas estradas, novas escolas, o hospital da Mulher e Maternidade de Araguatins, investimentos para a habita\u00e7\u00e3o, que possibilitar\u00e1 a constru\u00e7\u00e3o de unidades habitacionais no programa Minha casa, Minha vida; entre outros projetos que foram apresentados ao Governo Federal. Grande parte das nossas demandas foram atendidas. N\u00f3s temos trabalhado em parceria com o Governo Federal, buscando trazer sempre melhorias para o nosso Estado e para todos os tocantinenses,\u201d destacou Wanderlei Barbosa.\u00a0<br><br>O ministro da Casa Civil, Rui Costa, pontuou que foi realizado um di\u00e1logo intenso com todos os governadores para entender as principais demandas de cada Estado, pois, o PAC \u00e9 um planejamento de na\u00e7\u00e3o e de pa\u00eds. \u201cPor determina\u00e7\u00e3o do nosso presidente Lu\u00eds In\u00e1cio da Silva, procuramos entender as principais demandas de cada Estado, para que o Governo Federal pudesse trabalhar em conjunto com as unidades federativas para entregar melhoria para a popula\u00e7\u00e3o, e assim o fizemos. Pactuamos um conjunto de interven\u00e7\u00f5es, al\u00e9m dos projetos que j\u00e1 estavam nos minist\u00e9rios e as obras que se encontravam paralisadas. E estamos aqui para anunciar um investimento de quase R$ 37 bilh\u00f5es que possibilitar\u00e1 atender \u00e0s principais demandas do estado do Tocantins\u201d, destacou o ministro. \u00a0<br><br>Al\u00e9m das obras j\u00e1 previstas e retomadas, o Governo Federal vai enviar recursos para os munic\u00edpios que inscreverem projetos de obras pelo Novo PAC Sele\u00e7\u00f5es. O processo est\u00e1 aberto at\u00e9 o dia 10 de novembro para receber as propostas. Os recursos podem chegar para a constru\u00e7\u00e3o de novas escolas, creches, unidades de sa\u00fade, policl\u00ednicas, maternidades, espa\u00e7os comunit\u00e1rios, pra\u00e7as CEU (Centro de Artes e Esportes Unificados), obras de drenagem e de urbaniza\u00e7\u00e3o, entre outras.<br><br>\u201c\u00c9 extremamente importante que os prefeitos participem, enviando suas propostas para o Novo Pac, o que possibilitar\u00e1 trazer o maior volume de recursos para o nosso Estado. \u00c9 isto que n\u00f3s queremos, o envolvimento, e mais obra para atender as necessidades da nossa popula\u00e7\u00e3o&#8221;, conferiu o vice-governador, Laurez Moreira, durante o evento.\u00a0<br><br>J\u00e1 ministro de Portos e Aeroportos, Silvio Filho, conferiu que: &#8220;um dos nossos comprometimentos \u00e9 a finaliza\u00e7\u00e3o do aeroporto de Palmas, que possibilitar\u00e1 uma melhor qualidade \u00e0 popula\u00e7\u00e3o que vem usufruir do aeroporto, n\u00e3o apenas para o turismo de lazer, mas sobretudo para o turismo de neg\u00f3cios, daqueles que v\u00eam empreender no Estado do Tocantins. Assim como as rodovias que ser\u00e3o feitas em conformidade com o plano estrat\u00e9gico; e a hidrovia do Rio Tocantins, para ampliar o escoamento da produ\u00e7\u00e3o regional. O Novo PAC \u00e9 um conjunto de investimentos estruturantes &#8220;, disse.\u00a0<br><br><strong>Obras<\/strong><br><br>Entre as obras de destaque planejadas para o Estado, est\u00e3o a conclus\u00e3o da ponte sobre o Rio Araguaia \u2013 Xambio\u00e1, a pavimenta\u00e7\u00e3o da BR-010 (Paran\u00e3 &#8211; Divisa Goi\u00e1s), a pavimenta\u00e7\u00e3o da BR-235 (Guara\u00ed &#8211; Pedro Afonso &#8211; Trecho Pedro Afonso &#8211; Divisa MA\/TO), o novo Hospital da Mulher e Maternidade em Araguatins, a infovia estadual e internet para 1.435 escolas, 1,3 mil liga\u00e7\u00f5es do Luz para Todos e 3.649 moradias do Minha Casa, Minha Vida.\u00a0 O Novo PAC trar\u00e1 um impulso significativo para a infraestrutura de transportes do Tocantins com 12 projetos, incluindo seis obras p\u00fablicas, tr\u00eas investimentos privados e tr\u00eas estudos para concess\u00f5es de ativos do setor \u00e0 iniciativa privada. Isso engloba a constru\u00e7\u00e3o da BR-242\/TO, o projeto para a constru\u00e7\u00e3o da BR-010\/TO (entroncamento TO-020 at\u00e9 a divisa com o Maranh\u00e3o), investimentos nas concess\u00f5es existentes das BR-153 e BR-080, bem como recursos destinados \u00e0 malha ferrovi\u00e1ria e aos estudos e projetos para a constru\u00e7\u00e3o do novo aeroporto do Jalap\u00e3o.<br><br><strong>\u00a0Programa Luz para Todos<\/strong><br><br>Com um aporte de R$ 49 milh\u00f5es para o programa Luz para Todos, 1.291 fam\u00edlias em 43 munic\u00edpios ser\u00e3o beneficiadas at\u00e9 2026, e a expans\u00e3o do sistema de abastecimento de \u00e1gua ser\u00e1 conclu\u00edda em Aragua\u00edna, Colinas do Tocantins, Porto Nacional e S\u00e3o Miguel do Tocantins, al\u00e9m da instala\u00e7\u00e3o de sistemas simplificados de abastecimento em 13 aldeias.<br><br><strong>Sa\u00fade e educa\u00e7\u00e3o<\/strong><br><br>Na \u00e1rea da educa\u00e7\u00e3o e sa\u00fade, est\u00e1 prevista a realiza\u00e7\u00e3o de 149 obras, incluindo a constru\u00e7\u00e3o de 55 creches e pr\u00e9-escolas, 59 escolas, 25 quadras esportivas, 5 amplia\u00e7\u00f5es de unidades de sa\u00fade e a retomada de 5 obras de Unidade B\u00e1sica de Sa\u00fade em 5 munic\u00edpios.<\/p>\n\n\n\n<p><img src=\"https:\/\/central.to.gov.br\/image\/353830?w=670&amp;h=383\"><\/p>\n\n\n\n<p>IMG_8750.jpeg &#8211; Esequias Ara\u00fajo\/Governo do Tocantins<\/p>\n\n\n\n<p><img src=\"https:\/\/central.to.gov.br\/image\/353836?w=670&amp;h=383\"><\/p>\n\n\n\n<p>O evento ocorreu na Escola Estadual Professora Eliz\u00e2ngela Gl\u00f3ria Cardoso, em Palmas, e contou com a participa\u00e7\u00e3o de autoridades do Estado, do Governo Federal e de diversos munic\u00edpios &#8211; Esequias Araujo\/Governo do Tocantins\u00a0<\/p>\n\n\n\n<p><img src=\"https:\/\/central.to.gov.br\/image\/353835?w=670&amp;h=383\"><\/p>\n\n\n\n<p>Esteve presente no lan\u00e7amento o ministro do Esporte, Andr\u00e9 Fufuca &#8211; Esequias Araujo\/Governo do Tocantins\u00a0<\/p>\n\n\n\n<p><img src=\"https:\/\/central.to.gov.br\/image\/353833?w=670&amp;h=383\"><\/p>\n\n\n\n<p>O ministro de Portos e Aeroportos, Silvio Filho, conferiu que: &#8220;um dos nossos comprometimentos \u00e9 a finaliza\u00e7\u00e3o do aeroporto de Palmas, que possibilitar\u00e1 uma melhor qualidade \u00e0 popula\u00e7\u00e3o que vem usufruir do aeroporto\u201d &#8211; Esequias Araujo\/Governo do Tocantins\u00a0<\/p>\n\n\n\n<p><img src=\"https:\/\/central.to.gov.br\/image\/353832?w=670&amp;h=383\"><\/p>\n\n\n\n<p>Participou do evento o ministro das Comunica\u00e7\u00f5es, Juscelino Filho &#8211; Esequias Araujo\/Governo do Tocantins<\/p>\n\n\n\n<p><img src=\"https:\/\/central.to.gov.br\/image\/353834?w=670&amp;h=383\"><\/p>\n\n\n\n<p>Foi anunciado pelo ministro da Casa Civil, Rui Costa, um investimento de quase R$ 37 bilh\u00f5es, que possibilitar\u00e1 atender \u00e0s principais demandas do estado do Tocantins &#8211; Esequias Araujo\/Governo do Tocantins\u00a0<\/p>\n\n\n\n<p><img src=\"https:\/\/central.to.gov.br\/image\/353831?w=670&amp;h=383\"><\/p>\n\n\n\n<p>Wanderlei Barbosa participa de lan\u00e7amento do Novo PAC no Tocantins com or\u00e7amento de R$ 35,7 bilh\u00f5es para infraestrutura, habita\u00e7\u00e3o, educa\u00e7\u00e3o e sa\u00fade &#8211; Esequias Araujo\/Governo do Tocantins\u00a0<\/p>\n\n\n\n<p><img src=\"https:\/\/central.to.gov.br\/image\/353829?w=670&amp;h=383\"><\/p>\n\n\n\n<p>O vice-governador, Laurez Moreira, conferiu, durante o lan\u00e7amento, que \u00e9 extremamente importante que os prefeitos participem, enviando suas propostas para o Novo Pac &#8211; Esequias Araujo\/Governo do Tocantins\u00a0<\/p>\n\n\n\n<figure class=\"wp-block-image\"><img src=\"https:\/\/central.to.gov.br\/image\/353828?w=670&amp;h=383\" alt=\"\"\/><figcaption>O Chefe do Executivo do Estado agradeceu a visita dos ministros e ressaltou que o novo PAC \u00e9 um projeto para resgatar o Brasil &#8211; Esequias Araujo\/Governo do Tocantins<\/figcaption><\/figure>\n","protected":false},"excerpt":{"rendered":"<p>O governador Wanderlei Barbosa recebeu, na tarde desta segunda-feira, 6, na Escola Estadual Professora Eliz\u00e2ngela Gl\u00f3ria Cardoso, em Palmas, o ministro da Casa Civil, Rui Costa, que veio a Capital para apresentar o plano de investimentos do Governo Federal, o Novo PAC (Programa de Acelera\u00e7\u00e3o do Crescimento), para o Tocantins. Na ocasi\u00e3o, tamb\u00e9m estiveram presentes [&hellip;]<\/p>\n","protected":false},"author":2,"featured_media":17645,"comment_status":"open","ping_status":"open","sticky":false,"template":"","format":"standard","meta":[],"categories":[3],"tags":[13],"_links":{"self":[{"href":"https:\/\/dgospel.com.br\/portal\/index.php\/wp-json\/wp\/v2\/posts\/17644"}],"collection":[{"href":"https:\/\/dgospel.com.br\/portal\/index.php\/wp-json\/wp\/v2\/posts"}],"about":[{"href":"https:\/\/dgospel.com.br\/portal\/index.php\/wp-json\/wp\/v2\/types\/post"}],"author":[{"embeddable":true,"href":"https:\/\/dgospel.com.br\/portal\/index.php\/wp-json\/wp\/v2\/users\/2"}],"replies":[{"embeddable":true,"href":"https:\/\/dgospel.com.br\/portal\/index.php\/wp-json\/wp\/v2\/comments?post=17644"}],"version-history":[{"count":1,"href":"https:\/\/dgospel.com.br\/portal\/index.php\/wp-json\/wp\/v2\/posts\/17644\/revisions"}],"predecessor-version":[{"id":17646,"href":"https:\/\/dgospel.com.br\/portal\/index.php\/wp-json\/wp\/v2\/posts\/17644\/revisions\/17646"}],"wp:featuredmedia":[{"embeddable":true,"href":"https:\/\/dgospel.com.br\/portal\/index.php\/wp-json\/wp\/v2\/media\/17645"}],"wp:attachment":[{"href":"https:\/\/dgospel.com.br\/portal\/index.php\/wp-json\/wp\/v2\/media?parent=17644"}],"wp:term":[{"taxonomy":"category","embeddable":true,"href":"https:\/\/dgospel.com.br\/portal\/index.php\/wp-json\/wp\/v2\/categories?post=17644"},{"taxonomy":"post_tag","embeddable":true,"href":"https:\/\/dgospel.com.br\/portal\/index.php\/wp-json\/wp\/v2\/tags?post=17644"}],"curies":[{"name":"wp","href":"https:\/\/api.w.org\/{rel}","templated":true}]}}