{"id":17647,"date":"2023-11-06T23:32:59","date_gmt":"2023-11-07T02:32:59","guid":{"rendered":"http:\/\/dgospel.com.br\/portal\/?p=17647"},"modified":"2023-11-06T23:33:00","modified_gmt":"2023-11-07T02:33:00","slug":"lira-alerta-que-lula-pode-cair-por-nao-cumprir-a-meta-fiscal","status":"publish","type":"post","link":"https:\/\/dgospel.com.br\/portal\/index.php\/2023\/11\/06\/lira-alerta-que-lula-pode-cair-por-nao-cumprir-a-meta-fiscal\/","title":{"rendered":"Lira alerta que Lula pode \u201ccair\u201d por n\u00e3o cumprir a\u00a0meta\u00a0fiscal"},"content":{"rendered":"\n<p>Durante o evento Macro Day, organizado pelo BTG Pactual, o presidente da C\u00e2mara dos Deputados, Arthur Lira, enfatizou que o ministro da Fazenda, Fernando Haddad, continua preocupado em alcan\u00e7ar a meta de zerar o d\u00e9ficit p\u00fablico em 2024.<\/p>\n\n\n\n<p>\u201cEu n\u00e3o tive, particularmente, nenhuma conversa, nem com o presidente Lula nem com o ministro Haddad nem com ningu\u00e9m da \u00e1rea do governo, que viessem me atestar de que iam modificar o envio da meta. O ministro Haddad ratificou, em reuni\u00e3o conosco e publicamente, que vai continuar perseguindo o d\u00e9ficit zero\u201d, afirmou Lira.<\/p>\n\n\n\n<p>O presidente da C\u00e2mara sublinhou que, caso a meta fiscal n\u00e3o seja atingida, isso n\u00e3o ocorrer\u00e1 por falta de empenho, mas sim devido a dificuldades concretas. Ele ressaltou a exist\u00eancia de consequ\u00eancias no arcabou\u00e7o que se aplicam em ambas as situa\u00e7\u00f5es: se a meta for alcan\u00e7ada ou se n\u00e3o for. Essas regras foram votadas pelo Congresso Nacional, e n\u00e3o se espera uma mudan\u00e7a na meta do arcabou\u00e7o pelo Congresso.<\/p>\n\n\n\n<p>\u201cSe n\u00e3o atingir [a meta fiscal], n\u00e3o \u00e9 porque n\u00e3o quer. \u00c9 porque n\u00e3o conseguiu mesmo. E se n\u00e3o conseguir, tem as consequ\u00eancias do arcabou\u00e7o que ser\u00e3o aplicadas. Quando o presidente Lula trouxe aquela declara\u00e7\u00e3o [sobre n\u00e3o atingir a meta], segundo o governo para proteger o ministro Haddad ou para antecipar uma discuss\u00e3o, o que n\u00f3s entendemos \u00e9 com naturalidade: se bater a meta tem um X de consequ\u00eancia do arcabou\u00e7o. Se n\u00e3o bater, tem um [outro] X de consequ\u00eancia. Est\u00e1 l\u00e1, votado pelo Congresso Nacional, e n\u00e3o dever\u00e1 haver mudan\u00e7a na meta do arcabou\u00e7o pelo Congresso\u201d, completou o presidente da C\u00e2mara.<\/p>\n\n\n\n<p>Arthur Lira tamb\u00e9m abordou a falta de acordo entre os l\u00edderes partid\u00e1rios em rela\u00e7\u00e3o \u00e0 vota\u00e7\u00e3o da Medida Provis\u00f3ria n\u00ba 1185, que prop\u00f5e modifica\u00e7\u00f5es nas regras de tributa\u00e7\u00e3o dos incentivos fiscais do ICMS. Ele reconheceu que o tema \u00e9 complexo e que a discuss\u00e3o ser\u00e1 aprofundada durante a semana, embora haja resist\u00eancias, especialmente de parlamentares e empres\u00e1rios das regi\u00f5es Sudeste, Sul e Nordeste.<\/p>\n\n\n\n<p>Al\u00e9m das medidas para aumentar a receita, muitas das quais dependem da aprova\u00e7\u00e3o do Congresso Nacional, como a taxa\u00e7\u00e3o de fundos exclusivos e offshores, Lira enfatizou a necessidade de reduzir as despesas p\u00fablicas, o que foi descartado pelo Governo Federal. Ele considerou que a reforma administrativa \u00e9 uma alternativa para equilibrar as contas no longo prazo, destacando a import\u00e2ncia de conter o crescimento das despesas p\u00fablicas no Brasil.<\/p>\n","protected":false},"excerpt":{"rendered":"<p>Durante o evento Macro Day, organizado pelo BTG Pactual, o presidente da C\u00e2mara dos Deputados, Arthur Lira, enfatizou que o ministro da Fazenda, Fernando Haddad, continua preocupado em alcan\u00e7ar a meta de zerar o d\u00e9ficit p\u00fablico em 2024. \u201cEu n\u00e3o tive, particularmente, nenhuma conversa, nem com o presidente Lula nem com o ministro Haddad nem [&hellip;]<\/p>\n","protected":false},"author":2,"featured_media":17648,"comment_status":"open","ping_status":"open","sticky":false,"template":"","format":"standard","meta":[],"categories":[4],"tags":[],"_links":{"self":[{"href":"https:\/\/dgospel.com.br\/portal\/index.php\/wp-json\/wp\/v2\/posts\/17647"}],"collection":[{"href":"https:\/\/dgospel.com.br\/portal\/index.php\/wp-json\/wp\/v2\/posts"}],"about":[{"href":"https:\/\/dgospel.com.br\/portal\/index.php\/wp-json\/wp\/v2\/types\/post"}],"author":[{"embeddable":true,"href":"https:\/\/dgospel.com.br\/portal\/index.php\/wp-json\/wp\/v2\/users\/2"}],"replies":[{"embeddable":true,"href":"https:\/\/dgospel.com.br\/portal\/index.php\/wp-json\/wp\/v2\/comments?post=17647"}],"version-history":[{"count":1,"href":"https:\/\/dgospel.com.br\/portal\/index.php\/wp-json\/wp\/v2\/posts\/17647\/revisions"}],"predecessor-version":[{"id":17649,"href":"https:\/\/dgospel.com.br\/portal\/index.php\/wp-json\/wp\/v2\/posts\/17647\/revisions\/17649"}],"wp:featuredmedia":[{"embeddable":true,"href":"https:\/\/dgospel.com.br\/portal\/index.php\/wp-json\/wp\/v2\/media\/17648"}],"wp:attachment":[{"href":"https:\/\/dgospel.com.br\/portal\/index.php\/wp-json\/wp\/v2\/media?parent=17647"}],"wp:term":[{"taxonomy":"category","embeddable":true,"href":"https:\/\/dgospel.com.br\/portal\/index.php\/wp-json\/wp\/v2\/categories?post=17647"},{"taxonomy":"post_tag","embeddable":true,"href":"https:\/\/dgospel.com.br\/portal\/index.php\/wp-json\/wp\/v2\/tags?post=17647"}],"curies":[{"name":"wp","href":"https:\/\/api.w.org\/{rel}","templated":true}]}}