{"id":17656,"date":"2023-11-08T08:44:58","date_gmt":"2023-11-08T11:44:58","guid":{"rendered":"http:\/\/dgospel.com.br\/portal\/?p=17656"},"modified":"2023-11-08T08:44:58","modified_gmt":"2023-11-08T11:44:58","slug":"moraes-manda-soltar-a-cantora-fernanda-oliver-presa-desde-o-mes-de-agosto","status":"publish","type":"post","link":"https:\/\/dgospel.com.br\/portal\/index.php\/2023\/11\/08\/moraes-manda-soltar-a-cantora-fernanda-oliver-presa-desde-o-mes-de-agosto\/","title":{"rendered":"Moraes manda soltar a cantora Fernanda \u00d4liver, presa desde o m\u00eas de agosto"},"content":{"rendered":"\n<p>O ministro Alexandre de Moraes, do Supremo Tribunal Federal (STF), assinou a soltura da cantora evang\u00e9lica Fernanda Rodrigues Oliveira, mais conhecida como Fernanda \u00d4liver, presa em agosto por participar dos atos do 8 de janeiro em Bras\u00edlia.<\/p>\n\n\n\n<p>A artista de 25 anos era ativa nas redes sociais e n\u00e3o s\u00f3 participou dos atos, como tamb\u00e9m convocava seus milhares de seguidores para tamb\u00e9m se manifestarem contra os resultados das elei\u00e7\u00f5es.<\/p>\n\n\n\n<p>Fernanda foi presa durante a opera\u00e7\u00e3o Lesa P\u00e1tria. Tinha contra ela um mandado de pris\u00e3o preventiva. Com a decis\u00e3o de Moraes, assinada na sexta-feira (3), a cantora p\u00f4de ser solta com algumas condi\u00e7\u00f5es.<\/p>\n\n\n\n<p>Fernanda passar\u00e1 a usar tornozeleira eletr\u00f4nica, ter\u00e1 que se apresentar semanalmente \u00e0 Justi\u00e7a, n\u00e3o pode deixar o Brasil, teve todos seus passaportes cancelados, n\u00e3o pode utilizar suas redes sociais, nem se comunicar com outros envolvidos na investiga\u00e7\u00e3o.<\/p>\n\n\n\n<p>O crime cometido por ela, segundo Moraes, foi ter compartilhado um v\u00eddeo com outros influenciadores que convocava pessoas a participarem dos atos de 8 de janeiro.<\/p>\n\n\n\n<p>\u2013 Viemos convoc\u00e1-los para que no dia 07 (sete) de janeiro, pr\u00f3ximo s\u00e1bado, estejamos todos em Bras\u00edlia lutando pelo nosso pa\u00eds [\u2026] Contamos com voc\u00ea em Bras\u00edlia! Lembrando que a partir de s\u00e1bado ser\u00e1 na Esplanada na Pra\u00e7a dos Tr\u00eas Poderes \u2013 diz a postagem que gerou a pris\u00e3o da artista gospel moradora de Goi\u00e2nia.<\/p>\n\n\n\n<p>Outro motivo para pris\u00e3o foi a live que Fernanda \u00d4liver realizou na Pra\u00e7a dos Tr\u00eas Poderes no dia que v\u00e2ndalos invadiram o Congresso Nacional, o Pal\u00e1cio do Planalto e o STF. No v\u00eddeo, a cantora evang\u00e9lica aparecia no gramado do Congresso.<\/p>\n","protected":false},"excerpt":{"rendered":"<p>O ministro Alexandre de Moraes, do Supremo Tribunal Federal (STF), assinou a soltura da cantora evang\u00e9lica Fernanda Rodrigues Oliveira, mais conhecida como Fernanda \u00d4liver, presa em agosto por participar dos atos do 8 de janeiro em Bras\u00edlia. A artista de 25 anos era ativa nas redes sociais e n\u00e3o s\u00f3 participou dos atos, como tamb\u00e9m [&hellip;]<\/p>\n","protected":false},"author":2,"featured_media":17657,"comment_status":"open","ping_status":"open","sticky":false,"template":"","format":"standard","meta":[],"categories":[11,12,10],"tags":[],"_links":{"self":[{"href":"https:\/\/dgospel.com.br\/portal\/index.php\/wp-json\/wp\/v2\/posts\/17656"}],"collection":[{"href":"https:\/\/dgospel.com.br\/portal\/index.php\/wp-json\/wp\/v2\/posts"}],"about":[{"href":"https:\/\/dgospel.com.br\/portal\/index.php\/wp-json\/wp\/v2\/types\/post"}],"author":[{"embeddable":true,"href":"https:\/\/dgospel.com.br\/portal\/index.php\/wp-json\/wp\/v2\/users\/2"}],"replies":[{"embeddable":true,"href":"https:\/\/dgospel.com.br\/portal\/index.php\/wp-json\/wp\/v2\/comments?post=17656"}],"version-history":[{"count":1,"href":"https:\/\/dgospel.com.br\/portal\/index.php\/wp-json\/wp\/v2\/posts\/17656\/revisions"}],"predecessor-version":[{"id":17658,"href":"https:\/\/dgospel.com.br\/portal\/index.php\/wp-json\/wp\/v2\/posts\/17656\/revisions\/17658"}],"wp:featuredmedia":[{"embeddable":true,"href":"https:\/\/dgospel.com.br\/portal\/index.php\/wp-json\/wp\/v2\/media\/17657"}],"wp:attachment":[{"href":"https:\/\/dgospel.com.br\/portal\/index.php\/wp-json\/wp\/v2\/media?parent=17656"}],"wp:term":[{"taxonomy":"category","embeddable":true,"href":"https:\/\/dgospel.com.br\/portal\/index.php\/wp-json\/wp\/v2\/categories?post=17656"},{"taxonomy":"post_tag","embeddable":true,"href":"https:\/\/dgospel.com.br\/portal\/index.php\/wp-json\/wp\/v2\/tags?post=17656"}],"curies":[{"name":"wp","href":"https:\/\/api.w.org\/{rel}","templated":true}]}}