{"id":17659,"date":"2023-11-08T08:51:45","date_gmt":"2023-11-08T11:51:45","guid":{"rendered":"http:\/\/dgospel.com.br\/portal\/?p=17659"},"modified":"2023-11-08T08:51:45","modified_gmt":"2023-11-08T11:51:45","slug":"vereadores-de-joao-pessoa-proibem-criancas-na-parada-gay","status":"publish","type":"post","link":"https:\/\/dgospel.com.br\/portal\/index.php\/2023\/11\/08\/vereadores-de-joao-pessoa-proibem-criancas-na-parada-gay\/","title":{"rendered":"Vereadores de Jo\u00e3o Pessoa pro\u00edbem crian\u00e7as na Parada Gay"},"content":{"rendered":"\n<p>Nesta ter\u00e7a-feira (7), a C\u00e2mara de Vereadores de Jo\u00e3o Pessoa (PB) aprovou um projeto de lei que pro\u00edbe a presen\u00e7a de crian\u00e7as na Parada Gay do munic\u00edpio. O projeto foi apresentado \u00e0 Casa pelo vereador Tarc\u00edsio Jardim (PP), que disse que a ideia \u00e9 \u201cproteger as crian\u00e7as\u201d.<\/p>\n\n\n\n<p>\u2013 As crian\u00e7as t\u00eam que se preocupar em brincar, estudar e ficar no conv\u00edvio familiar dom\u00e9stico. N\u00e3o estar sendo usada de ferramenta sexual, que eventos desse, ao meu ver e de v\u00e1rias pessoas, n\u00e3o \u00e9 o local adequado para crian\u00e7as. Na minha vis\u00e3o, temos de deixar de influenciar crian\u00e7as com pautas que n\u00e3o s\u00e3o ainda para serem vistas por elas \u2013 apontou o vereador.<\/p>\n\n\n\n<p>O \u00fanico vereador a votar contra o projeto foi o vereador Marcos Henriques (PT), que disse que a Parada \u201c\u00e9 uma atividade que fala do respeito \u00e0 diversidade\u201d.<\/p>\n\n\n\n<p>O texto agora segue para san\u00e7\u00e3o do prefeito de Jo\u00e3o Pessoa, C\u00edcero Lucena (PP).<\/p>\n","protected":false},"excerpt":{"rendered":"<p>Nesta ter\u00e7a-feira (7), a C\u00e2mara de Vereadores de Jo\u00e3o Pessoa (PB) aprovou um projeto de lei que pro\u00edbe a presen\u00e7a de crian\u00e7as na Parada Gay do munic\u00edpio. O projeto foi apresentado \u00e0 Casa pelo vereador Tarc\u00edsio Jardim (PP), que disse que a ideia \u00e9 \u201cproteger as crian\u00e7as\u201d. \u2013 As crian\u00e7as t\u00eam que se preocupar em [&hellip;]<\/p>\n","protected":false},"author":2,"featured_media":17660,"comment_status":"open","ping_status":"open","sticky":false,"template":"","format":"standard","meta":[],"categories":[4],"tags":[],"_links":{"self":[{"href":"https:\/\/dgospel.com.br\/portal\/index.php\/wp-json\/wp\/v2\/posts\/17659"}],"collection":[{"href":"https:\/\/dgospel.com.br\/portal\/index.php\/wp-json\/wp\/v2\/posts"}],"about":[{"href":"https:\/\/dgospel.com.br\/portal\/index.php\/wp-json\/wp\/v2\/types\/post"}],"author":[{"embeddable":true,"href":"https:\/\/dgospel.com.br\/portal\/index.php\/wp-json\/wp\/v2\/users\/2"}],"replies":[{"embeddable":true,"href":"https:\/\/dgospel.com.br\/portal\/index.php\/wp-json\/wp\/v2\/comments?post=17659"}],"version-history":[{"count":1,"href":"https:\/\/dgospel.com.br\/portal\/index.php\/wp-json\/wp\/v2\/posts\/17659\/revisions"}],"predecessor-version":[{"id":17661,"href":"https:\/\/dgospel.com.br\/portal\/index.php\/wp-json\/wp\/v2\/posts\/17659\/revisions\/17661"}],"wp:featuredmedia":[{"embeddable":true,"href":"https:\/\/dgospel.com.br\/portal\/index.php\/wp-json\/wp\/v2\/media\/17660"}],"wp:attachment":[{"href":"https:\/\/dgospel.com.br\/portal\/index.php\/wp-json\/wp\/v2\/media?parent=17659"}],"wp:term":[{"taxonomy":"category","embeddable":true,"href":"https:\/\/dgospel.com.br\/portal\/index.php\/wp-json\/wp\/v2\/categories?post=17659"},{"taxonomy":"post_tag","embeddable":true,"href":"https:\/\/dgospel.com.br\/portal\/index.php\/wp-json\/wp\/v2\/tags?post=17659"}],"curies":[{"name":"wp","href":"https:\/\/api.w.org\/{rel}","templated":true}]}}