{"id":17665,"date":"2023-11-08T22:45:17","date_gmt":"2023-11-09T01:45:17","guid":{"rendered":"http:\/\/dgospel.com.br\/portal\/?p=17665"},"modified":"2023-11-08T22:45:18","modified_gmt":"2023-11-09T01:45:18","slug":"contas-publicas-tem-deficit-de-r-181-bilhoes-em-setembro","status":"publish","type":"post","link":"https:\/\/dgospel.com.br\/portal\/index.php\/2023\/11\/08\/contas-publicas-tem-deficit-de-r-181-bilhoes-em-setembro\/","title":{"rendered":"Contas p\u00fablicas t\u00eam d\u00e9ficit de R$ 18,1 bilh\u00f5es em setembro"},"content":{"rendered":"\n<p>As contas p\u00fablicas fecharam o m\u00eas de setembro com expressivo saldo negativo, em raz\u00e3o principalmente do d\u00e9ficit do governo federal, resultado do aumento de despesas em 11,5% na compara\u00e7\u00e3o com setembro do ano passado. O setor p\u00fablico consolidado \u2013 formado pela Uni\u00e3o, pelos estados, munic\u00edpios e empresas estatais \u2013 registrou d\u00e9ficit prim\u00e1rio de R$ 18,071 bilh\u00f5es no m\u00eas de setembro, ante super\u00e1vit de R$ 10,746 bilh\u00f5es em setembro de 2022, no governo Bolsonaro.<\/p>\n\n\n\n<p>Os dados foram divulgados nesta quarta-feira (8) pelo Banco Central (BC). O d\u00e9ficit prim\u00e1rio representa o resultado negativo das contas do setor p\u00fablico (despesas menos receitas), desconsiderando o pagamento dos juros da d\u00edvida p\u00fablica.<\/p>\n\n\n\n<p>Em 12 meses \u2013 encerrados em setembro \u2013 as contas acumulam d\u00e9ficit prim\u00e1rio de R$ 101,888 bilh\u00f5es, o que corresponde a 0,97% do Produto Interno Bruto (PIB, a soma de todos os bens e servi\u00e7os produzidos no pa\u00eds).<\/p>\n\n\n\n<p>Em 2022, as contas p\u00fablicas fecharam o ano com super\u00e1vit prim\u00e1rio de R$ 125,994 bilh\u00f5es, 1,27% do PIB.<\/p>\n\n\n\n<p>*Com informa\u00e7\u00f5es Ag\u00eancia Brasil<\/p>\n","protected":false},"excerpt":{"rendered":"<p>As contas p\u00fablicas fecharam o m\u00eas de setembro com expressivo saldo negativo, em raz\u00e3o principalmente do d\u00e9ficit do governo federal, resultado do aumento de despesas em 11,5% na compara\u00e7\u00e3o com setembro do ano passado. O setor p\u00fablico consolidado \u2013 formado pela Uni\u00e3o, pelos estados, munic\u00edpios e empresas estatais \u2013 registrou d\u00e9ficit prim\u00e1rio de R$ 18,071 [&hellip;]<\/p>\n","protected":false},"author":2,"featured_media":17666,"comment_status":"open","ping_status":"open","sticky":false,"template":"","format":"standard","meta":[],"categories":[4],"tags":[],"_links":{"self":[{"href":"https:\/\/dgospel.com.br\/portal\/index.php\/wp-json\/wp\/v2\/posts\/17665"}],"collection":[{"href":"https:\/\/dgospel.com.br\/portal\/index.php\/wp-json\/wp\/v2\/posts"}],"about":[{"href":"https:\/\/dgospel.com.br\/portal\/index.php\/wp-json\/wp\/v2\/types\/post"}],"author":[{"embeddable":true,"href":"https:\/\/dgospel.com.br\/portal\/index.php\/wp-json\/wp\/v2\/users\/2"}],"replies":[{"embeddable":true,"href":"https:\/\/dgospel.com.br\/portal\/index.php\/wp-json\/wp\/v2\/comments?post=17665"}],"version-history":[{"count":1,"href":"https:\/\/dgospel.com.br\/portal\/index.php\/wp-json\/wp\/v2\/posts\/17665\/revisions"}],"predecessor-version":[{"id":17667,"href":"https:\/\/dgospel.com.br\/portal\/index.php\/wp-json\/wp\/v2\/posts\/17665\/revisions\/17667"}],"wp:featuredmedia":[{"embeddable":true,"href":"https:\/\/dgospel.com.br\/portal\/index.php\/wp-json\/wp\/v2\/media\/17666"}],"wp:attachment":[{"href":"https:\/\/dgospel.com.br\/portal\/index.php\/wp-json\/wp\/v2\/media?parent=17665"}],"wp:term":[{"taxonomy":"category","embeddable":true,"href":"https:\/\/dgospel.com.br\/portal\/index.php\/wp-json\/wp\/v2\/categories?post=17665"},{"taxonomy":"post_tag","embeddable":true,"href":"https:\/\/dgospel.com.br\/portal\/index.php\/wp-json\/wp\/v2\/tags?post=17665"}],"curies":[{"name":"wp","href":"https:\/\/api.w.org\/{rel}","templated":true}]}}