{"id":17668,"date":"2023-11-10T20:47:17","date_gmt":"2023-11-10T23:47:17","guid":{"rendered":"http:\/\/dgospel.com.br\/portal\/?p=17668"},"modified":"2023-11-10T20:47:42","modified_gmt":"2023-11-10T23:47:42","slug":"camara-municipal-de-palmas-realiza-sessao-solene-em-homenagem-a-omep","status":"publish","type":"post","link":"https:\/\/dgospel.com.br\/portal\/index.php\/2023\/11\/10\/camara-municipal-de-palmas-realiza-sessao-solene-em-homenagem-a-omep\/","title":{"rendered":"C\u00e2mara Municipal de Palmas realiza sess\u00e3o solene em homenagem a OMEP"},"content":{"rendered":"\n<p>A Ordem dos Ministros Evang\u00e9licos de Palmas (OMEP) foi homenageada pela C\u00e2mara Municipal de Palmas (CMP) em sess\u00e3o solene realizada nesta sexta-feira (10). A sess\u00e3o foi proposta pelo vereador Rubens Uch\u00f4a (Uni\u00e3o).<\/p>\n\n\n\n<p>De acordo com o autor do requerimento, vereador Rubens Uch\u00f4a, a homenagem \u00e9 um reconhecimento do trabalho social e espiritual realizado pela entidade que durante seus 28 anos de exist\u00eancia vem realizando na capital.<\/p>\n\n\n\n<p>Durante seu pronunciamento, o parlamentar destacou a import\u00e2ncia da OMEP para a sociedade palmense.<\/p>\n\n\n\n<p>\u201cA Ordem \u00e9 uma institui\u00e7\u00e3o que promove o bem-estar social, d\u00e1 assist\u00eancia espiritual e fortalece os valores \u00e9ticos e morais em nossa cidade. Destaco a postura da ordem, durante a pandemia da covid-19, naquele momento onde muitas pessoas estavam desesperadas, evitando todas as formas ter contato com outras pessoas, os membros da ordem foram para a luta orar em nome de Deus, para confortar as pessoas naquele momento dif\u00edcil de nossa hist\u00f3ria, isso marcou muito\u201d, disse o parlamentar.<\/p>\n\n\n\n<p><\/p>\n\n\n\n<figure class=\"wp-block-image size-full\"><img loading=\"lazy\" width=\"564\" height=\"415\" src=\"http:\/\/dgospel.com.br\/portal\/wp-content\/uploads\/2023\/11\/00-6.jpg\" alt=\"\" class=\"wp-image-17670\" srcset=\"https:\/\/dgospel.com.br\/portal\/wp-content\/uploads\/2023\/11\/00-6.jpg 564w, https:\/\/dgospel.com.br\/portal\/wp-content\/uploads\/2023\/11\/00-6-300x221.jpg 300w\" sizes=\"(max-width: 564px) 100vw, 564px\" \/><\/figure>\n\n\n\n<p>O Sess\u00e3o foi marcada por emo\u00e7\u00e3o e muita alegria. Os oradores durante seus pronunciamentos lembraram do in\u00edcio da capital Palmas, e o desafio da OMEP que veio a existir com o prop\u00f3sito de promover a unidade das igrejas dentro de uma vis\u00e3o de Reino. Uma entidade que n\u00e3o defende placa de igreja, mas todas as denomina\u00e7\u00f5es de forma geral. &nbsp;<\/p>\n\n\n\n<p>Em seu discurso, o presidente da OMEP, pastor Sebasti\u00e3o Tertuliano Filho, agradeceu a homenagem da C\u00e2mara Municipal. \u201cAgradecemos ao vereador Rubens Uch\u00f4a e a todos os vereadores da CMP por essa homenagem t\u00e3o significativa. Ao longo desses 28 anos de exist\u00eancia da institui\u00e7\u00e3o que \u00e9 a voz das igrejas desta cidade, que n\u00e3o se cala quando surgem situa\u00e7\u00f5es que confrontam a palavra de Deus, e essa homenagem nos motiva a continuar praticando a defesa do evangelho e trabalhando pelo desenvolvimento de nossa cidade\u201d, disse.<\/p>\n\n\n\n<p><strong>Durante a sess\u00e3o foram homenageados:<\/strong><\/p>\n\n\n\n<p>Sebasti\u00e3o Tertuliano Filho<\/p>\n\n\n\n<p>Amarildo Martins da Silva<\/p>\n\n\n\n<p>Hermes Vieira Neto<\/p>\n\n\n\n<p>Luiz Carlos de Jesus Dellamonica<\/p>\n\n\n\n<p>Pastora Geruza Lima de Sousa Silva<\/p>\n\n\n\n<p>Pastora Keyla Andreya&nbsp; Vieira da Silva<\/p>\n\n\n\n<p>Pastor Ivan Augusto da Fonseca<\/p>\n\n\n\n<p>Pastor Joaquim Ferreira Sobrinho<\/p>\n\n\n\n<p>Pastor Jo\u00e3o Mota<\/p>\n\n\n\n<p>Pastor Claudemir Lopes<\/p>\n\n\n\n<p>Pastor Francisco das Chagas<\/p>\n\n\n\n<p>Pastor Francisco Ribeiro Novaes<\/p>\n\n\n\n<p>Pastor Robson Correa<\/p>\n\n\n\n<p>Mission\u00e1rio Carlos Roberto Lopes<\/p>\n\n\n\n<p>Ap\u00f3stolo Gla\u00facio Luciano Coraiola<\/p>\n\n\n\n<p>Pastora Ana Maria Sousa Pires<\/p>\n\n\n\n<p>Ap\u00f3stolo Ronaldo Souto dos Santos<\/p>\n\n\n\n<p>Ap\u00f3stolo Ben\u00e9 Pereira da Silva<\/p>\n\n\n\n<p>Ap\u00f3stolo Marcos Ant\u00f4nio da Silva Griffo<\/p>\n\n\n\n<p>Bispo Emanoel de Jesus Mendes<\/p>\n\n\n\n<p>Bispa Roberta Maria Barbosa Castro Ramalho<\/p>\n\n\n\n<p>Pastora Ana Cristina Alves de Sousa<\/p>\n","protected":false},"excerpt":{"rendered":"<p>A Ordem dos Ministros Evang\u00e9licos de Palmas (OMEP) foi homenageada pela C\u00e2mara Municipal de Palmas (CMP) em sess\u00e3o solene realizada nesta sexta-feira (10). A sess\u00e3o foi proposta pelo vereador Rubens Uch\u00f4a (Uni\u00e3o). De acordo com o autor do requerimento, vereador Rubens Uch\u00f4a, a homenagem \u00e9 um reconhecimento do trabalho social e espiritual realizado pela entidade [&hellip;]<\/p>\n","protected":false},"author":2,"featured_media":17669,"comment_status":"open","ping_status":"open","sticky":false,"template":"","format":"standard","meta":[],"categories":[5],"tags":[13],"_links":{"self":[{"href":"https:\/\/dgospel.com.br\/portal\/index.php\/wp-json\/wp\/v2\/posts\/17668"}],"collection":[{"href":"https:\/\/dgospel.com.br\/portal\/index.php\/wp-json\/wp\/v2\/posts"}],"about":[{"href":"https:\/\/dgospel.com.br\/portal\/index.php\/wp-json\/wp\/v2\/types\/post"}],"author":[{"embeddable":true,"href":"https:\/\/dgospel.com.br\/portal\/index.php\/wp-json\/wp\/v2\/users\/2"}],"replies":[{"embeddable":true,"href":"https:\/\/dgospel.com.br\/portal\/index.php\/wp-json\/wp\/v2\/comments?post=17668"}],"version-history":[{"count":1,"href":"https:\/\/dgospel.com.br\/portal\/index.php\/wp-json\/wp\/v2\/posts\/17668\/revisions"}],"predecessor-version":[{"id":17671,"href":"https:\/\/dgospel.com.br\/portal\/index.php\/wp-json\/wp\/v2\/posts\/17668\/revisions\/17671"}],"wp:featuredmedia":[{"embeddable":true,"href":"https:\/\/dgospel.com.br\/portal\/index.php\/wp-json\/wp\/v2\/media\/17669"}],"wp:attachment":[{"href":"https:\/\/dgospel.com.br\/portal\/index.php\/wp-json\/wp\/v2\/media?parent=17668"}],"wp:term":[{"taxonomy":"category","embeddable":true,"href":"https:\/\/dgospel.com.br\/portal\/index.php\/wp-json\/wp\/v2\/categories?post=17668"},{"taxonomy":"post_tag","embeddable":true,"href":"https:\/\/dgospel.com.br\/portal\/index.php\/wp-json\/wp\/v2\/tags?post=17668"}],"curies":[{"name":"wp","href":"https:\/\/api.w.org\/{rel}","templated":true}]}}