{"id":1767,"date":"2018-11-07T10:06:33","date_gmt":"2018-11-07T12:06:33","guid":{"rendered":"http:\/\/dgospel.com.br\/portal\/?p=1767"},"modified":"2018-11-07T10:06:33","modified_gmt":"2018-11-07T12:06:33","slug":"governo-trabalha-na-modernizacao-do-sistema-prisional-para-garantir-seguranca-nas-unidades-e-conter-fugas","status":"publish","type":"post","link":"https:\/\/dgospel.com.br\/portal\/index.php\/2018\/11\/07\/governo-trabalha-na-modernizacao-do-sistema-prisional-para-garantir-seguranca-nas-unidades-e-conter-fugas\/","title":{"rendered":"Governo trabalha na moderniza\u00e7\u00e3o do Sistema Prisional para garantir seguran\u00e7a nas unidades e conter fugas"},"content":{"rendered":"<p>A moderniza\u00e7\u00e3o do Sistema Penitenci\u00e1rio Prisional (Sispen), com a ado\u00e7\u00e3o de novas tecnologias e equipamentos que aperfei\u00e7oem a cust\u00f3dia do reeducando, bem como a amplia\u00e7\u00e3o de vagas, s\u00e3o estrat\u00e9gias do Governo do Tocantins para conter fugas e manifesta\u00e7\u00f5es de rebeldia nas unidades prisionais do estado. Em todo o pa\u00eds, por conta do excedente carcer\u00e1rio nas unidades prisionais, vem ocorrendo um aumento nas fugas neste ano de 2018, o que tem requerido medidas emergenciais dos estados.<\/p>\n<p>O Tocantins, at\u00e9 agora, registrou 53 reeducandos fugitivos de unidades prisionais e 21 recapturas, entre alguns que fugiram este ano e em anos anteriores. J\u00e1 em 2016, o Sispen registrou\u00a031 foragidos, tendo recapturado 29,\u00a0entre aqueles que fugiram no referido ano e em anos anteriores.\u00a0\u201cAqueles ainda n\u00e3o recapturados s\u00e3o\u00a0considerados foragidos da Justi\u00e7a e podem ser presos a qualquer momento, pois as for\u00e7as de seguran\u00e7a est\u00e3o atentas e empenhadas nas recapturas\u201d, alerta.<\/p>\n<p>Entre os estados, \u00e9 consenso que a superlota\u00e7\u00e3o das unidades prisionais brasileiras, somada \u00e0 falta de agentes para atender \u00e0 demanda crescente, favorecem as fugas. Para reduzir o d\u00e9ficit de vagas no Tocantins em mais de 70%, o Governo conta com recursos, entre pr\u00f3prios ou do governo federal, e est\u00e1 abrindo cerca de 1.400 vagas para reeducandos. Quanto ao efetivo de servidores, Heber Fidelis diz que planeja ampliar com a posse de novos profissionais de uma turma de cerca de 390 candidatos do cadastro reserva do concurso que acabaram de passar por Curso de Forma\u00e7\u00e3o Profissional.<\/p>\n<p>Como membro do Conselho Nacional dos Secret\u00e1rios da Justi\u00e7a, Cidadania, Direitos Humanos e Administra\u00e7\u00e3o Penitenci\u00e1ria (Consej), ele diz que o colegiado tem proposto ao governo federal demandas espec\u00edficas e tamb\u00e9m coletivas emergenciais. \u201cNa \u00faltima reuni\u00e3o, em 9 de outubro, com o ministro Extraordin\u00e1rio da Seguran\u00e7a P\u00fablica, Raul Jungmann, o Tocantins apresentou a necessidade de adquirir mais body scanners, aportes financeiros e maior autonomia para utiliza\u00e7\u00e3o de recursos em caixa repassados pelo Depen [Departamento Penitenci\u00e1rio Nacional]\u201d, lembra.<\/p>\n<p><strong>Fugas<\/strong><\/p>\n<p>As fugas registradas no Tocantins apresentam n\u00fameros inferiores a outros estados. Em Minas Gerais, at\u00e9 o m\u00eas de setembro deste ano, o n\u00famero de presos que tinham fugido chegou a 2.017, incluindo aqueles que receberam autoriza\u00e7\u00e3o para sa\u00eddas tempor\u00e1rias e n\u00e3o retornaram, sendo que at\u00e9 o referido m\u00eas 860 deles n\u00e3o tinham sido recapturados. Para efeito de compara\u00e7\u00e3o, o n\u00famero at\u00e9 setembro j\u00e1 era 56% maior do que o registrado no ano de 2017, segundo dados da Secretaria de Estado de Administra\u00e7\u00e3o Prisional (Seap) de Minas Gerais.<\/p>\n<p>No\u00a0estado vizinho, em Goi\u00e1s, segundo dados\u00a0da Diretoria Geral de Administra\u00e7\u00e3o Penitenci\u00e1ria (DGAP) goiana, nos dois primeiros meses de 2018 o n\u00famero de fugas de detentos aumentou 75% em rela\u00e7\u00e3o ao mesmo per\u00edodo do ano passado. No \u00faltimo bimestre, 167 presos escaparam enquanto em janeiro e fevereiro de 2017 essa quantidade foi de 95.<\/p>\n<p>J\u00e1 no Par\u00e1, segundo a Superintend\u00eancia do Sistema Penitenci\u00e1rio (Susipe) paraense, 85 fugas foram registradas no estado neste ano. Ao todo, 559 fugitivos, sendo que 229 foram recapturados. O n\u00famero j\u00e1 ultrapassa as fugas ocorridas em 2017, quando houve 75 fugas. Enquanto isso, na Para\u00edba, somente no m\u00eas de setembro, 105 presos fugiram de um pres\u00eddio de seguran\u00e7a na capital Jo\u00e3o Pessoa em 10 de setembro.<\/p>\n","protected":false},"excerpt":{"rendered":"<p>A moderniza\u00e7\u00e3o do Sistema Penitenci\u00e1rio Prisional (Sispen), com a ado\u00e7\u00e3o de novas tecnologias e equipamentos que aperfei\u00e7oem a cust\u00f3dia do reeducando, bem como a amplia\u00e7\u00e3o de vagas, s\u00e3o estrat\u00e9gias do Governo do Tocantins para conter fugas e manifesta\u00e7\u00f5es de rebeldia nas unidades prisionais do estado. Em todo o pa\u00eds, por conta do excedente carcer\u00e1rio nas [&hellip;]<\/p>\n","protected":false},"author":2,"featured_media":1768,"comment_status":"open","ping_status":"open","sticky":false,"template":"","format":"standard","meta":[],"categories":[2,3],"tags":[],"_links":{"self":[{"href":"https:\/\/dgospel.com.br\/portal\/index.php\/wp-json\/wp\/v2\/posts\/1767"}],"collection":[{"href":"https:\/\/dgospel.com.br\/portal\/index.php\/wp-json\/wp\/v2\/posts"}],"about":[{"href":"https:\/\/dgospel.com.br\/portal\/index.php\/wp-json\/wp\/v2\/types\/post"}],"author":[{"embeddable":true,"href":"https:\/\/dgospel.com.br\/portal\/index.php\/wp-json\/wp\/v2\/users\/2"}],"replies":[{"embeddable":true,"href":"https:\/\/dgospel.com.br\/portal\/index.php\/wp-json\/wp\/v2\/comments?post=1767"}],"version-history":[{"count":1,"href":"https:\/\/dgospel.com.br\/portal\/index.php\/wp-json\/wp\/v2\/posts\/1767\/revisions"}],"predecessor-version":[{"id":1769,"href":"https:\/\/dgospel.com.br\/portal\/index.php\/wp-json\/wp\/v2\/posts\/1767\/revisions\/1769"}],"wp:featuredmedia":[{"embeddable":true,"href":"https:\/\/dgospel.com.br\/portal\/index.php\/wp-json\/wp\/v2\/media\/1768"}],"wp:attachment":[{"href":"https:\/\/dgospel.com.br\/portal\/index.php\/wp-json\/wp\/v2\/media?parent=1767"}],"wp:term":[{"taxonomy":"category","embeddable":true,"href":"https:\/\/dgospel.com.br\/portal\/index.php\/wp-json\/wp\/v2\/categories?post=1767"},{"taxonomy":"post_tag","embeddable":true,"href":"https:\/\/dgospel.com.br\/portal\/index.php\/wp-json\/wp\/v2\/tags?post=1767"}],"curies":[{"name":"wp","href":"https:\/\/api.w.org\/{rel}","templated":true}]}}