{"id":17672,"date":"2023-11-10T20:55:54","date_gmt":"2023-11-10T23:55:54","guid":{"rendered":"http:\/\/dgospel.com.br\/portal\/?p=17672"},"modified":"2023-11-10T20:55:55","modified_gmt":"2023-11-10T23:55:55","slug":"deputados-aprovam-proibicao-da-linguagem-neutra-no-rn","status":"publish","type":"post","link":"https:\/\/dgospel.com.br\/portal\/index.php\/2023\/11\/10\/deputados-aprovam-proibicao-da-linguagem-neutra-no-rn\/","title":{"rendered":"Deputados aprovam proibi\u00e7\u00e3o da linguagem neutra no RN"},"content":{"rendered":"\n<p>Nesta quinta-feira (9), os deputados estaduais do Rio Grande do Norte aprovaram um projeto de lei que pro\u00edbe o ensino da linguagem neutra nas escolas e tamb\u00e9m sua aplica\u00e7\u00e3o nos concursos realizados no estado.<\/p>\n\n\n\n<p>A determina\u00e7\u00e3o vale para a grade curricular e para o material did\u00e1tico tanto das escolas p\u00fablicas, quanto das particulares. Al\u00e9m disso, o projeto tamb\u00e9m impede que documentos oficiais da administra\u00e7\u00e3o p\u00fablica, quer seja estadual ou municipal, tragam esse tipo de linguagem.<\/p>\n\n\n\n<p>O autor do projeto \u00e9 o deputado Coronel Azevedo (PL), que pede a proibi\u00e7\u00e3o de termos como \u201ctodes\u201d ou o uso do \u201cx\u201d para substituir as letras \u201co\u201d e \u201ca\u201d.<\/p>\n\n\n\n<p>\u2013 Essa \u00e9 uma quest\u00e3o defendida pela Academia Brasileira de Letras. A nossa preocupa\u00e7\u00e3o \u00e9 preservar o idioma Portugu\u00eas. O Brasil \u00e9 signat\u00e1rio de um tratado internacional de pa\u00edses da l\u00edngua Portuguesa. A linguagem neutra \u00e9 um modismo, j\u00e1 foi proibida em v\u00e1rios pa\u00edses \u2013 disse o Coronel.<\/p>\n\n\n\n<p>A deputadas do Partido dos Trabalhadores, Isolda Dantas e Divaneide Bas\u00edlio est\u00e3o entre os parlamentares que votaram contra o texto e chegaram a dizer que o projeto exclui mulheres, mas o autor do texto garantiu que n\u00e3o h\u00e1 nenhuma proibi\u00e7\u00e3o de usar palavras femininas.<\/p>\n\n\n\n<p>Na vota\u00e7\u00e3o, o projeto recebeu oito votos a favor e quatro contr\u00e1rios, agora ele seguir\u00e1 para a san\u00e7\u00e3o, ou n\u00e3o, da governadora F\u00e1tima Bezerra (PT).<\/p>\n","protected":false},"excerpt":{"rendered":"<p>Nesta quinta-feira (9), os deputados estaduais do Rio Grande do Norte aprovaram um projeto de lei que pro\u00edbe o ensino da linguagem neutra nas escolas e tamb\u00e9m sua aplica\u00e7\u00e3o nos concursos realizados no estado. A determina\u00e7\u00e3o vale para a grade curricular e para o material did\u00e1tico tanto das escolas p\u00fablicas, quanto das particulares. Al\u00e9m disso, [&hellip;]<\/p>\n","protected":false},"author":2,"featured_media":17673,"comment_status":"open","ping_status":"open","sticky":false,"template":"","format":"standard","meta":[],"categories":[8],"tags":[],"_links":{"self":[{"href":"https:\/\/dgospel.com.br\/portal\/index.php\/wp-json\/wp\/v2\/posts\/17672"}],"collection":[{"href":"https:\/\/dgospel.com.br\/portal\/index.php\/wp-json\/wp\/v2\/posts"}],"about":[{"href":"https:\/\/dgospel.com.br\/portal\/index.php\/wp-json\/wp\/v2\/types\/post"}],"author":[{"embeddable":true,"href":"https:\/\/dgospel.com.br\/portal\/index.php\/wp-json\/wp\/v2\/users\/2"}],"replies":[{"embeddable":true,"href":"https:\/\/dgospel.com.br\/portal\/index.php\/wp-json\/wp\/v2\/comments?post=17672"}],"version-history":[{"count":1,"href":"https:\/\/dgospel.com.br\/portal\/index.php\/wp-json\/wp\/v2\/posts\/17672\/revisions"}],"predecessor-version":[{"id":17674,"href":"https:\/\/dgospel.com.br\/portal\/index.php\/wp-json\/wp\/v2\/posts\/17672\/revisions\/17674"}],"wp:featuredmedia":[{"embeddable":true,"href":"https:\/\/dgospel.com.br\/portal\/index.php\/wp-json\/wp\/v2\/media\/17673"}],"wp:attachment":[{"href":"https:\/\/dgospel.com.br\/portal\/index.php\/wp-json\/wp\/v2\/media?parent=17672"}],"wp:term":[{"taxonomy":"category","embeddable":true,"href":"https:\/\/dgospel.com.br\/portal\/index.php\/wp-json\/wp\/v2\/categories?post=17672"},{"taxonomy":"post_tag","embeddable":true,"href":"https:\/\/dgospel.com.br\/portal\/index.php\/wp-json\/wp\/v2\/tags?post=17672"}],"curies":[{"name":"wp","href":"https:\/\/api.w.org\/{rel}","templated":true}]}}