{"id":17681,"date":"2023-11-10T21:09:08","date_gmt":"2023-11-11T00:09:08","guid":{"rendered":"http:\/\/dgospel.com.br\/portal\/?p=17681"},"modified":"2023-11-10T21:09:09","modified_gmt":"2023-11-11T00:09:09","slug":"marina-e-camilo-santana-terao-que-explicar-ataques-ao-agro","status":"publish","type":"post","link":"https:\/\/dgospel.com.br\/portal\/index.php\/2023\/11\/10\/marina-e-camilo-santana-terao-que-explicar-ataques-ao-agro\/","title":{"rendered":"Marina e Camilo Santana ter\u00e3o que explicar ataques ao agro"},"content":{"rendered":"\n<p>A Comiss\u00e3o de Agricultura, Pecu\u00e1ria, Abastecimento e Desenvolvimento Rural aprovou, na \u00faltima quarta-feira (8), dois requerimentos que convocam os ministros Marina Silva, do Meio Ambiente, e Camilo Santana, da Educa\u00e7\u00e3o, para explicar os recentes ataques contra o agroneg\u00f3cio.<\/p>\n\n\n\n<p>A convoca\u00e7\u00e3o de Marina Silva \u00e9 sobre uma proposta que prev\u00ea a suspens\u00e3o do registro no Cadastro Ambiental Rural (CAR) para propriedades, onde tenham sido identificados focos de calor e inc\u00eandios sem a devida autoriza\u00e7\u00e3o.<\/p>\n\n\n\n<p>Decretos relacionados \u00e0 propriedades na Amaz\u00f4nia tamb\u00e9m s\u00e3o questionados pelos deputados que querem entender as raz\u00f5es para medidas que trazem impactos negativos para os produtores rurais. O requerimento aprovado \u00e9 de autoria dos deputados Rodolfo Nogueira (PL-MS) e Z\u00e9 Vitor (PL-MG).<\/p>\n\n\n\n<p>J\u00e1 a convoca\u00e7\u00e3o de Santana, est\u00e1 relacionada \u00e0 prova do Exame Nacional do Ensino M\u00e9dio (Enem) sobre a discrimina\u00e7\u00e3o do setor agropecu\u00e1rio da regi\u00e3o Centro-Oeste e seus habitantes. V\u00e1rios deputados da Comiss\u00e3o assinam o pedido, pois consideram as quest\u00f5es da prova como \u201cum perigoso desservi\u00e7o \u00e0 na\u00e7\u00e3o\u201d.<\/p>\n\n\n\n<p>\u2013 \u00c9 solicitado respeitosamente o comparecimento do ministro de Estado da Educa\u00e7\u00e3o nesta comiss\u00e3o para discutir as preocupa\u00e7\u00f5es do setor de agropecu\u00e1ria como um todo em rela\u00e7\u00e3o \u00e0s quest\u00f5es do Enem e seu potencial impacto na forma\u00e7\u00e3o educacional e na percep\u00e7\u00e3o do agroneg\u00f3cio no Brasil \u2013 diz a justificativa do requerimento.<\/p>\n","protected":false},"excerpt":{"rendered":"<p>A Comiss\u00e3o de Agricultura, Pecu\u00e1ria, Abastecimento e Desenvolvimento Rural aprovou, na \u00faltima quarta-feira (8), dois requerimentos que convocam os ministros Marina Silva, do Meio Ambiente, e Camilo Santana, da Educa\u00e7\u00e3o, para explicar os recentes ataques contra o agroneg\u00f3cio. A convoca\u00e7\u00e3o de Marina Silva \u00e9 sobre uma proposta que prev\u00ea a suspens\u00e3o do registro no Cadastro [&hellip;]<\/p>\n","protected":false},"author":2,"featured_media":17682,"comment_status":"open","ping_status":"open","sticky":false,"template":"","format":"standard","meta":[],"categories":[11,12,4],"tags":[],"_links":{"self":[{"href":"https:\/\/dgospel.com.br\/portal\/index.php\/wp-json\/wp\/v2\/posts\/17681"}],"collection":[{"href":"https:\/\/dgospel.com.br\/portal\/index.php\/wp-json\/wp\/v2\/posts"}],"about":[{"href":"https:\/\/dgospel.com.br\/portal\/index.php\/wp-json\/wp\/v2\/types\/post"}],"author":[{"embeddable":true,"href":"https:\/\/dgospel.com.br\/portal\/index.php\/wp-json\/wp\/v2\/users\/2"}],"replies":[{"embeddable":true,"href":"https:\/\/dgospel.com.br\/portal\/index.php\/wp-json\/wp\/v2\/comments?post=17681"}],"version-history":[{"count":1,"href":"https:\/\/dgospel.com.br\/portal\/index.php\/wp-json\/wp\/v2\/posts\/17681\/revisions"}],"predecessor-version":[{"id":17683,"href":"https:\/\/dgospel.com.br\/portal\/index.php\/wp-json\/wp\/v2\/posts\/17681\/revisions\/17683"}],"wp:featuredmedia":[{"embeddable":true,"href":"https:\/\/dgospel.com.br\/portal\/index.php\/wp-json\/wp\/v2\/media\/17682"}],"wp:attachment":[{"href":"https:\/\/dgospel.com.br\/portal\/index.php\/wp-json\/wp\/v2\/media?parent=17681"}],"wp:term":[{"taxonomy":"category","embeddable":true,"href":"https:\/\/dgospel.com.br\/portal\/index.php\/wp-json\/wp\/v2\/categories?post=17681"},{"taxonomy":"post_tag","embeddable":true,"href":"https:\/\/dgospel.com.br\/portal\/index.php\/wp-json\/wp\/v2\/tags?post=17681"}],"curies":[{"name":"wp","href":"https:\/\/api.w.org\/{rel}","templated":true}]}}