{"id":17684,"date":"2023-11-13T10:55:53","date_gmt":"2023-11-13T13:55:53","guid":{"rendered":"http:\/\/dgospel.com.br\/portal\/?p=17684"},"modified":"2023-11-13T10:55:54","modified_gmt":"2023-11-13T13:55:54","slug":"ministerio-da-justica-recebeu-dama-do-trafico-amazonense","status":"publish","type":"post","link":"https:\/\/dgospel.com.br\/portal\/index.php\/2023\/11\/13\/ministerio-da-justica-recebeu-dama-do-trafico-amazonense\/","title":{"rendered":"Minist\u00e9rio da Justi\u00e7a recebeu \u201cdama do tr\u00e1fico amazonense\u201d"},"content":{"rendered":"\n<p>Conhecida como \u201cdama do tr\u00e1fico amazonense\u201d, Luciane Barbosa Farias participou de audi\u00eancias com dois secret\u00e1rios e dois diretores do&nbsp;<a href=\"http:\/\/pleno.news\/tag\/ministerio-da-justica\" target=\"_blank\" rel=\"noreferrer noopener\">Minist\u00e9rio da Justi\u00e7a<\/a>&nbsp;em um per\u00edodo de tr\u00eas meses. A informa\u00e7\u00e3o foi divulgada pelo jornal O Estado de S\u00e3o Paulo nesta segunda-feira (13). Apesar das visitas, o nome de Luciane n\u00e3o consta das agendas oficiais da pasta chefiada por&nbsp;<a href=\"http:\/\/pleno.news\/tag\/flavio-dino\" target=\"_blank\" rel=\"noreferrer noopener\">Fl\u00e1vio Dino<\/a>.<\/p>\n\n\n\n<p>Segundo o ve\u00edculo, Luciane \u00e9 casada h\u00e1 11 anos com Clemilson dos Santos Farias, o Tio Patinhas, que era considerado o \u201ccriminoso n\u00famero um\u201d na lista de procurados pela pol\u00edcia do Amazonas at\u00e9 ser preso em dezembro do ano passado. Luciane e o marido j\u00e1 foram condenados em segunda inst\u00e2ncia por lavagem de dinheiro, associa\u00e7\u00e3o para o tr\u00e1fico e organiza\u00e7\u00e3o criminosa.<\/p>\n\n\n\n<p>Atualmente, Clemilson cumpre 31 anos no pres\u00eddio de Tef\u00e9, no interior do Amazonas, enquanto Luciane foi sentenciada a dez anos e recorre em liberdade. A viol\u00eancia do marido de Luciane \u00e9 tal que, em abril de 2019, um homem foi achado morto com um cartaz no rosto que dizia: \u201cdevia Tio Patinhas\u201d. Ele tamb\u00e9m j\u00e1 posou para uma foto com uma metralhadora de artilharia antia\u00e9rea.<\/p>\n\n\n\n<p><strong>VISITAS NO MINIST\u00c9RIO DA JUSTI\u00c7A<br><\/strong>No dia 19 de mar\u00e7o deste ano, Luciane esteve com Elias Vaz, secret\u00e1rio Nacional de Assuntos Legislativos de Fl\u00e1vio Dino. Pouco tempo depois, em 2 de maio, ela se encontrou com Rafael Velasco Brandani, titular da Secretaria Nacional de Pol\u00edticas Penais (Senappen).<\/p>\n\n\n\n<p>Em maio, ela entrou no Minist\u00e9rio da Justi\u00e7a como presidente da Associa\u00e7\u00e3o Instituto Liberdade do Amazonas (ILA). Segundo o Estad\u00e3o, a ONG \u00e9, no papel, uma institui\u00e7\u00e3o de defesa dos direitos dos presos e que, segundo a Pol\u00edcia Civil, atua em prol dos detentos ligados \u00e0 fac\u00e7\u00e3o. Criada no ano passado, a investiga\u00e7\u00e3o aponta que a entidade seria, por\u00e9m, financiada com dinheiro do tr\u00e1fico.<\/p>\n\n\n\n<p><strong>O OUTRO LADO<\/strong><br>A reportagem do jornal O Estado de S\u00e3o Paulo disse que procurou o Instituto Liberdade do Amazonas por telefone, na tarde da \u00faltima sexta-feira (10), e posteriormente por e-mail. Uma funcion\u00e1ria teria informado que poderia fornecer o contato de Luciane em nova liga\u00e7\u00e3o, mas n\u00e3o atendeu mais.<\/p>\n\n\n\n<p>O Minist\u00e9rio da Justi\u00e7a, por sua vez, informou que, \u201cno dia 16 de mar\u00e7o, a Secretaria de Assuntos Legislativos (SAL) atendeu solicita\u00e7\u00e3o de agenda da ANACRIM (Associa\u00e7\u00e3o Nacional da Advocacia Criminal), com a presen\u00e7a de v\u00e1rias advogadas\u201d e que a \u201ccidad\u00e3 mencionada no pedido de nota n\u00e3o foi a requerente da audi\u00eancia, e sim uma entidade de advogados\u201d.<\/p>\n\n\n\n<p>\u2013 A presen\u00e7a de acompanhantes \u00e9 de responsabilidade exclusiva da entidade requerente e das advogadas que se apresentaram como suas dirigentes. Por n\u00e3o se tratar de assunto da pasta, a ANACRIM, que solicitou a agenda, foi orientada a pedir reuni\u00e3o na Secretaria Nacional de Pol\u00edticas Penais (Senappen) \u2013 diz o comunicado.<\/p>\n\n\n\n<p>Ainda de acordo com a pasta, a agenda na Senappen e da ANACRIM aconteceu no dia 2 de maio, quando foram apresentadas reivindica\u00e7\u00f5es da ANACRIM. Por fim, o minist\u00e9rio disse que \u201cn\u00e3o houve qualquer outro andamento do tema\u201d.<\/p>\n","protected":false},"excerpt":{"rendered":"<p>Conhecida como \u201cdama do tr\u00e1fico amazonense\u201d, Luciane Barbosa Farias participou de audi\u00eancias com dois secret\u00e1rios e dois diretores do&nbsp;Minist\u00e9rio da Justi\u00e7a&nbsp;em um per\u00edodo de tr\u00eas meses. A informa\u00e7\u00e3o foi divulgada pelo jornal O Estado de S\u00e3o Paulo nesta segunda-feira (13). Apesar das visitas, o nome de Luciane n\u00e3o consta das agendas oficiais da pasta chefiada [&hellip;]<\/p>\n","protected":false},"author":2,"featured_media":17685,"comment_status":"open","ping_status":"open","sticky":false,"template":"","format":"standard","meta":[],"categories":[10],"tags":[],"_links":{"self":[{"href":"https:\/\/dgospel.com.br\/portal\/index.php\/wp-json\/wp\/v2\/posts\/17684"}],"collection":[{"href":"https:\/\/dgospel.com.br\/portal\/index.php\/wp-json\/wp\/v2\/posts"}],"about":[{"href":"https:\/\/dgospel.com.br\/portal\/index.php\/wp-json\/wp\/v2\/types\/post"}],"author":[{"embeddable":true,"href":"https:\/\/dgospel.com.br\/portal\/index.php\/wp-json\/wp\/v2\/users\/2"}],"replies":[{"embeddable":true,"href":"https:\/\/dgospel.com.br\/portal\/index.php\/wp-json\/wp\/v2\/comments?post=17684"}],"version-history":[{"count":1,"href":"https:\/\/dgospel.com.br\/portal\/index.php\/wp-json\/wp\/v2\/posts\/17684\/revisions"}],"predecessor-version":[{"id":17686,"href":"https:\/\/dgospel.com.br\/portal\/index.php\/wp-json\/wp\/v2\/posts\/17684\/revisions\/17686"}],"wp:featuredmedia":[{"embeddable":true,"href":"https:\/\/dgospel.com.br\/portal\/index.php\/wp-json\/wp\/v2\/media\/17685"}],"wp:attachment":[{"href":"https:\/\/dgospel.com.br\/portal\/index.php\/wp-json\/wp\/v2\/media?parent=17684"}],"wp:term":[{"taxonomy":"category","embeddable":true,"href":"https:\/\/dgospel.com.br\/portal\/index.php\/wp-json\/wp\/v2\/categories?post=17684"},{"taxonomy":"post_tag","embeddable":true,"href":"https:\/\/dgospel.com.br\/portal\/index.php\/wp-json\/wp\/v2\/tags?post=17684"}],"curies":[{"name":"wp","href":"https:\/\/api.w.org\/{rel}","templated":true}]}}