{"id":17687,"date":"2023-11-13T14:57:36","date_gmt":"2023-11-13T17:57:36","guid":{"rendered":"http:\/\/dgospel.com.br\/portal\/?p=17687"},"modified":"2023-11-13T14:57:37","modified_gmt":"2023-11-13T17:57:37","slug":"nikolas-pedira-impeachment-de-dino-apos-ministerio-receber-a-dama-do-trafico","status":"publish","type":"post","link":"https:\/\/dgospel.com.br\/portal\/index.php\/2023\/11\/13\/nikolas-pedira-impeachment-de-dino-apos-ministerio-receber-a-dama-do-trafico\/","title":{"rendered":"Nikolas pedir\u00e1 impeachment de Dino, ap\u00f3s Minist\u00e9rio receber a \u201cdama do tr\u00e1fico\u201d"},"content":{"rendered":"\n<p>O deputado federal Nikolas Ferreira (PL-MG) pedir\u00e1 o impeachment do ministro da Justi\u00e7a, Fl\u00e1vio Dino, por ter recebido em seu gabinete Luciane Barbosa Farias, conhecida como \u201cdama do tr\u00e1fico amazonense\u201d.<\/p>\n\n\n\n<p>Luciane participou de audi\u00eancias com dois secret\u00e1rios e dois diretores do Minist\u00e9rio da Justi\u00e7a em um per\u00edodo de tr\u00eas meses. Ela tamb\u00e9m se encontrou e tirou fotos com deputados federais como Guilherme Boulos (PSOL-SP) e Andr\u00e9 Janones (Avante-MG).<\/p>\n\n\n\n<p>Pelo X, antigo Twitter, Nikolas informou que est\u00e1 tomando provid\u00eancias e que o pedido de impeachment est\u00e1 em desenvolvimento. O documento tem apoio tamb\u00e9m do deputado federal Felipe Barros (PL-PR).<\/p>\n\n\n\n<p>\u2013 Chega de convite, convoca\u00e7\u00e3o e perder tempo com as \u201cexplica\u00e7\u00f5es\u201d do ministro. Estamos redigindo o impeachment. #FORADINO \u2013 escreveu o parlamentar mineiro.<\/p>\n\n\n\n<p>Mais cedo, Nikolas j\u00e1 havia se pronunciado sobre esse encontro entre Dino e a \u201cdama do tr\u00e1fico\u201d:<\/p>\n\n\n\n<p>\u2013 O minist\u00e9rio do Fl\u00e1vio Dino que diz combater o crime organizado, recebe a dama do tr\u00e1fico, l\u00edder do Comando Vermelho, em seu\u2026 minist\u00e9rio.<\/p>\n\n\n\n<p>E continuou:<\/p>\n\n\n\n<p>\u2013 Fl\u00e1vio Dino, como eu disse, tem frustrado as expectativas at\u00e9 da esquerda e dado bastante dor de cabe\u00e7a pro seu chefe. Lembrando que um ministro, que era amigo do Lula, j\u00e1 caiu \u2013 disse ele citando o general Gon\u00e7alves Dias, ex-chefe do Gabinete de Seguran\u00e7a Institucional (GSI).<\/p>\n\n\n\n<p>Luciane esteve em duas ocasi\u00f5es em Bras\u00edlia, no dia 19 de mar\u00e7o deste ano e no dia 2 de maio. Ela se encontrou primeiramente com Elias Vaz, secret\u00e1rio Nacional de Assuntos Legislativos de Fl\u00e1vio Dino, e, na segunda visita, esteve com Rafael Velasco Brandani, titular da Secretaria Nacional de Pol\u00edticas Penais (Senappen).<\/p>\n\n\n\n<p>A \u201cdama do tr\u00e1fico\u201d representa a Associa\u00e7\u00e3o Instituto Liberdade do Amazonas (ILA), criada em 2022, uma institui\u00e7\u00e3o que, segundo o Estad\u00e3o, \u00e9 uma ONG que tem como objetivo defender os direitos dos presos. De acordo com a Pol\u00edcia Civil, apenas os detentos ligados \u00e0 fac\u00e7\u00e3o s\u00e3o defendidos pela institui\u00e7\u00e3o que seria, inclusive, financiada pelo Comando Vermelho.<\/p>\n\n\n\n<p>O Minist\u00e9rio da Justi\u00e7a j\u00e1 se manifestou sobre essas visitas e disse que n\u00e3o sabia quem era Luciane. Todas as visitas que ela fez, n\u00e3o estavam na agenda oficial.<\/p>\n\n\n\n<p><strong>Assista:<\/strong><\/p>\n\n\n\n<blockquote class=\"wp-block-quote\"><p>&nbsp;Ver essa foto no Instagram<\/p><p>&nbsp;<\/p><p><a href=\"https:\/\/www.instagram.com\/reel\/Czl4BXGOxV9\/?utm_source=ig_embed&amp;utm_campaign=loading\" target=\"_blank\" rel=\"noreferrer noopener\">Uma publica\u00e7\u00e3o compartilhada por Nikolas Ferreira (@nikolasferreiradm)<\/a><\/p><\/blockquote>\n","protected":false},"excerpt":{"rendered":"<p>O deputado federal Nikolas Ferreira (PL-MG) pedir\u00e1 o impeachment do ministro da Justi\u00e7a, Fl\u00e1vio Dino, por ter recebido em seu gabinete Luciane Barbosa Farias, conhecida como \u201cdama do tr\u00e1fico amazonense\u201d. Luciane participou de audi\u00eancias com dois secret\u00e1rios e dois diretores do Minist\u00e9rio da Justi\u00e7a em um per\u00edodo de tr\u00eas meses. Ela tamb\u00e9m se encontrou e [&hellip;]<\/p>\n","protected":false},"author":2,"featured_media":17688,"comment_status":"open","ping_status":"open","sticky":false,"template":"","format":"standard","meta":[],"categories":[4],"tags":[13],"_links":{"self":[{"href":"https:\/\/dgospel.com.br\/portal\/index.php\/wp-json\/wp\/v2\/posts\/17687"}],"collection":[{"href":"https:\/\/dgospel.com.br\/portal\/index.php\/wp-json\/wp\/v2\/posts"}],"about":[{"href":"https:\/\/dgospel.com.br\/portal\/index.php\/wp-json\/wp\/v2\/types\/post"}],"author":[{"embeddable":true,"href":"https:\/\/dgospel.com.br\/portal\/index.php\/wp-json\/wp\/v2\/users\/2"}],"replies":[{"embeddable":true,"href":"https:\/\/dgospel.com.br\/portal\/index.php\/wp-json\/wp\/v2\/comments?post=17687"}],"version-history":[{"count":1,"href":"https:\/\/dgospel.com.br\/portal\/index.php\/wp-json\/wp\/v2\/posts\/17687\/revisions"}],"predecessor-version":[{"id":17689,"href":"https:\/\/dgospel.com.br\/portal\/index.php\/wp-json\/wp\/v2\/posts\/17687\/revisions\/17689"}],"wp:featuredmedia":[{"embeddable":true,"href":"https:\/\/dgospel.com.br\/portal\/index.php\/wp-json\/wp\/v2\/media\/17688"}],"wp:attachment":[{"href":"https:\/\/dgospel.com.br\/portal\/index.php\/wp-json\/wp\/v2\/media?parent=17687"}],"wp:term":[{"taxonomy":"category","embeddable":true,"href":"https:\/\/dgospel.com.br\/portal\/index.php\/wp-json\/wp\/v2\/categories?post=17687"},{"taxonomy":"post_tag","embeddable":true,"href":"https:\/\/dgospel.com.br\/portal\/index.php\/wp-json\/wp\/v2\/tags?post=17687"}],"curies":[{"name":"wp","href":"https:\/\/api.w.org\/{rel}","templated":true}]}}