{"id":17697,"date":"2023-11-16T09:44:33","date_gmt":"2023-11-16T12:44:33","guid":{"rendered":"http:\/\/dgospel.com.br\/portal\/?p=17697"},"modified":"2023-11-16T09:44:35","modified_gmt":"2023-11-16T12:44:35","slug":"deputada-crista-absolvida-por-unanimidade-em-processo-por-pregar-visao-biblica-sobre-lgbts","status":"publish","type":"post","link":"https:\/\/dgospel.com.br\/portal\/index.php\/2023\/11\/16\/deputada-crista-absolvida-por-unanimidade-em-processo-por-pregar-visao-biblica-sobre-lgbts\/","title":{"rendered":"Deputada crist\u00e3 absolvida por unanimidade em processo por pregar vis\u00e3o b\u00edblica sobre LGBTs"},"content":{"rendered":"\n<p>A deputada crist\u00e3 finlandesa P\u00e4ivi R\u00e4s\u00e4nen e o bispo luterano Juhana Pohjola conseguiram mais uma vit\u00f3ria na guerra judicial travada contra eles por repercutirem princ\u00edpios crist\u00e3os sobre sexualidade, incluindo a reprova\u00e7\u00e3o b\u00edblica contra a homossexualidade.<\/p>\n\n\n\n<p>Por unanimidade, o Tribunal de Recurso de Helsinque rejeitou todas as acusa\u00e7\u00f5es contra P\u00e4ivi R\u00e4s\u00e4nen e o bispo Pohjola. Eles&nbsp;<a href=\"https:\/\/noticias.gospelmais.com.br\/promotores-nao-absolvicao-deputada-crista-153491.html\"><strong>j\u00e1 haviam vencido o processo<\/strong><\/a>&nbsp;que os acusava de \u201cdiscurso de \u00f3dio\u201d em primeira inst\u00e2ncia por terem compartilhado suas cren\u00e7as em um livreto e, no caso da deputada, em entrevistas e publica\u00e7\u00f5es posteriores.<\/p>\n\n\n\n<p>A decis\u00e3o do Tribunal foi un\u00e2nime em confirmar a absolvi\u00e7\u00e3o un\u00e2nime do tribunal distrital em mar\u00e7o de 2022. O colegiado rejeitou os argumentos no recurso apresentado pelo procurador do Estado, pontuando que \u201cn\u00e3o tem motivos, com base nas provas recebidas na audi\u00eancia principal, para avaliar o caso de forma diferente do Tribunal Distrital\u201d.<\/p>\n\n\n\n<p>Na senten\u00e7a em segunda inst\u00e2ncia, o tribunal enfatizou que n\u00e3o h\u00e1 \u201craz\u00e3o para alterar o resultado final da decis\u00e3o do Tribunal Distrital\u201d, segundo informa\u00e7\u00f5es da entidade Alliance Defending Freedom (<a target=\"_blank\" href=\"https:\/\/adflegal.org\/press-release\/finnish-parliamentarian-found-not-guilty-hate-speech-bible-tweet-other-expressions\" rel=\"noreferrer noopener\">ADF<\/a>).<\/p>\n\n\n\n<p>P\u00e4ivi R\u00e4s\u00e4nen celebrou sua segunda vit\u00f3ria desde que passou a ser perseguida por pregar o que cr\u00ea: \u201cEstou profundamente aliviada.&nbsp;O tribunal aprovou e manteve totalmente a decis\u00e3o do tribunal distrital, que reconheceu o direito de todos \u00e0 liberdade de express\u00e3o\u201d, disse.<\/p>\n\n\n\n<p>\u201cN\u00e3o \u00e9 crime twittar um vers\u00edculo b\u00edblico ou participar de um discurso p\u00fablico com uma perspectiva crist\u00e3. As tentativas feitas para me processar por expressar as minhas cren\u00e7as resultaram em quatro anos extremamente penosos, mas a minha esperan\u00e7a \u00e9 que o resultado permane\u00e7a como um precedente fundamental para proteger o direito humano \u00e0 liberdade de express\u00e3o. Espero sinceramente que outras pessoas inocentes sejam poupadas da mesma prova\u00e7\u00e3o por simplesmente expressarem as suas convic\u00e7\u00f5es\u201d, acrescentou a deputada crist\u00e3.<\/p>\n\n\n\n<p>Diante da insist\u00eancia da promotoria em tentar criminalizar a mensagem crist\u00e3 sobre o tema, o tribunal ordenou que a promotoria pagasse dezenas de milhares de honor\u00e1rios advocat\u00edcios para cobrir os custos dos r\u00e9us.<\/p>\n\n\n\n<p>De acordo com o ornamento jur\u00eddico finland\u00eas, os promotores que moveram o processo podem recorrer da decis\u00e3o em segunda inst\u00e2ncia apenas mais uma vez, apelando ao Supremo Tribunal no prazo limite de 15 de janeiro de 2024.<\/p>\n\n\n\n<p>Coordenada pela ADF International, a defesa jur\u00eddica de P\u00e4ivi destacou a forte prote\u00e7\u00e3o que a liberdade de express\u00e3o goza no direito internacional, al\u00e9m de ser parte integrante da democracia finlandesa.<\/p>\n\n\n\n<p>O tribunal de recurso reconheceu que embora alguns possam objetar \u00e0s declara\u00e7\u00f5es da deputada crist\u00e3, \u201cdeve haver uma raz\u00e3o social imperiosa para interferir e restringir a liberdade de express\u00e3o\u201d, e acrescentou que \u201cn\u00e3o cabe ao Tribunal Distrital interpretar conceitos b\u00edblicos\u201d.<\/p>\n\n\n\n<p>\u201cEnquanto celebramos esta vit\u00f3ria monumental, lembramos tamb\u00e9m que ela ocorre ap\u00f3s quatro anos de investiga\u00e7\u00f5es policiais, acusa\u00e7\u00f5es criminais, processos e audi\u00eancias judiciais\u201d, disse Paul Coleman, autor do livro&nbsp;<em>Censura: como as leis europeias contra o discurso de \u00f3dio est\u00e3o amea\u00e7ando a liberdade de express\u00e3o<\/em>.<\/p>\n","protected":false},"excerpt":{"rendered":"<p>A deputada crist\u00e3 finlandesa P\u00e4ivi R\u00e4s\u00e4nen e o bispo luterano Juhana Pohjola conseguiram mais uma vit\u00f3ria na guerra judicial travada contra eles por repercutirem princ\u00edpios crist\u00e3os sobre sexualidade, incluindo a reprova\u00e7\u00e3o b\u00edblica contra a homossexualidade. Por unanimidade, o Tribunal de Recurso de Helsinque rejeitou todas as acusa\u00e7\u00f5es contra P\u00e4ivi R\u00e4s\u00e4nen e o bispo Pohjola. Eles&nbsp;j\u00e1 [&hellip;]<\/p>\n","protected":false},"author":2,"featured_media":17698,"comment_status":"open","ping_status":"open","sticky":false,"template":"","format":"standard","meta":[],"categories":[11,12,16],"tags":[],"_links":{"self":[{"href":"https:\/\/dgospel.com.br\/portal\/index.php\/wp-json\/wp\/v2\/posts\/17697"}],"collection":[{"href":"https:\/\/dgospel.com.br\/portal\/index.php\/wp-json\/wp\/v2\/posts"}],"about":[{"href":"https:\/\/dgospel.com.br\/portal\/index.php\/wp-json\/wp\/v2\/types\/post"}],"author":[{"embeddable":true,"href":"https:\/\/dgospel.com.br\/portal\/index.php\/wp-json\/wp\/v2\/users\/2"}],"replies":[{"embeddable":true,"href":"https:\/\/dgospel.com.br\/portal\/index.php\/wp-json\/wp\/v2\/comments?post=17697"}],"version-history":[{"count":1,"href":"https:\/\/dgospel.com.br\/portal\/index.php\/wp-json\/wp\/v2\/posts\/17697\/revisions"}],"predecessor-version":[{"id":17699,"href":"https:\/\/dgospel.com.br\/portal\/index.php\/wp-json\/wp\/v2\/posts\/17697\/revisions\/17699"}],"wp:featuredmedia":[{"embeddable":true,"href":"https:\/\/dgospel.com.br\/portal\/index.php\/wp-json\/wp\/v2\/media\/17698"}],"wp:attachment":[{"href":"https:\/\/dgospel.com.br\/portal\/index.php\/wp-json\/wp\/v2\/media?parent=17697"}],"wp:term":[{"taxonomy":"category","embeddable":true,"href":"https:\/\/dgospel.com.br\/portal\/index.php\/wp-json\/wp\/v2\/categories?post=17697"},{"taxonomy":"post_tag","embeddable":true,"href":"https:\/\/dgospel.com.br\/portal\/index.php\/wp-json\/wp\/v2\/tags?post=17697"}],"curies":[{"name":"wp","href":"https:\/\/api.w.org\/{rel}","templated":true}]}}