{"id":17700,"date":"2023-11-16T09:48:28","date_gmt":"2023-11-16T12:48:28","guid":{"rendered":"http:\/\/dgospel.com.br\/portal\/?p=17700"},"modified":"2023-11-16T09:48:30","modified_gmt":"2023-11-16T12:48:30","slug":"globo-esta-frustrada-por-nao-conseguir-atrair-evangelicos-diz-analista-de-tv","status":"publish","type":"post","link":"https:\/\/dgospel.com.br\/portal\/index.php\/2023\/11\/16\/globo-esta-frustrada-por-nao-conseguir-atrair-evangelicos-diz-analista-de-tv\/","title":{"rendered":"Globo est\u00e1 frustrada por n\u00e3o conseguir atrair evang\u00e9licos, diz analista de TV"},"content":{"rendered":"\n<p>Ciente de que os evang\u00e9licos se tornar\u00e3o o maior segmento religioso do pa\u00eds em um futuro breve, ultrapassando os cat\u00f3licos, a rede Globo&nbsp;<a href=\"https:\/\/noticias.gospelmais.com.br\/globo-serie-historia-dos-evangelicos-brasil-163393.html\">tem buscado<\/a>&nbsp;fazer \u201cde tudo\u201d, segundo o analista de TV Jeff Ben\u00edcio, para tentar atrair a aten\u00e7\u00e3o dessa popula\u00e7\u00e3o. Mas n\u00e3o tem conseguido!<\/p>\n\n\n\n<p>Em um artigo publicado recentemente, Ben\u00edcio, que escreve desde 1998 sobre TV e m\u00eddia, conclui que a maior emissora do pa\u00eds est\u00e1 frustrada por n\u00e3o conseguir seduzir a audi\u00eancia evang\u00e9lica, mesmo investindo em personagens e conte\u00fados voltados para o segmento \u2013 em sua maioria estereotipados de forma pejorativa.<\/p>\n\n\n\n<p>A maioria dos l\u00edderes evang\u00e9licos do pa\u00eds, segundo o analista, \u201cexecra a TV l\u00edder no Ibope por enxergar um projeto ideol\u00f3gico progressista contr\u00e1rio ao que pregam a seus fi\u00e9is.\u201d<\/p>\n\n\n\n<p>De fato, n\u00e3o \u00e9 por acaso. O pr\u00f3prio Ben\u00edcio reconhece que a Globo \u201cest\u00e1 cada dia mais progressista, especialmente pela postura a favor dos LGBT+\u201d e de outras pautas contr\u00e1rias aos valores crist\u00e3os, como o aborto e o feminismo.<\/p>\n\n\n\n<h2>Esfor\u00e7o enganoso<\/h2>\n\n\n\n<p>Conte\u00fados como a novela \u201cVai na F\u00e9\u201d e o convite de celebridades do mundo gospel para a grade de programa\u00e7\u00f5es n\u00e3o foram suficientes para desfazer a imagem negativa da Globo aos olhos do p\u00fablico evang\u00e9lico.<\/p>\n\n\n\n<p>Pelo contr\u00e1rio, a forma quase sempre enviesada, pejorativa, com que os protestantes s\u00e3o retratados nas programa\u00e7\u00f5es da emissora, contribu\u00edram para fazer a igreja evang\u00e9lica rejeitar ainda mais a emissora.<\/p>\n\n\n\n<p>O pastor Silas Malafaia fez o mesmo apontamento em uma entrevista para a revista Veja, citada por Ben\u00edcio em seu artigo para o portal&nbsp;<a href=\"https:\/\/www.terra.com.br\/diversao\/tv\/globo-faz-de-tudo-para-atrair-evangelicos-enquanto-esta-cada-dia-mais-lgbt,85de04cc51517e8ed4e310feb1f7f8149bb6no8i.html\">Terra<\/a>. \u201cQuando \u00e9 que a Globo n\u00e3o debochou, n\u00e3o ridicularizou, n\u00e3o fez alguma coisa de forma a denegrir (sic) a imagem dos evang\u00e9licos?\u201d, questionou o l\u00edder da Assembleia de Deus Vit\u00f3ria em Cristo.<\/p>\n\n\n\n<p>Pelo visto, se realmente estiver interessada em uma audi\u00eancia genu\u00edna dos evang\u00e9licos, a Globo ter\u00e1 que se \u201cconverter\u201d, literalmente.&nbsp;<\/p>\n","protected":false},"excerpt":{"rendered":"<p>Ciente de que os evang\u00e9licos se tornar\u00e3o o maior segmento religioso do pa\u00eds em um futuro breve, ultrapassando os cat\u00f3licos, a rede Globo&nbsp;tem buscado&nbsp;fazer \u201cde tudo\u201d, segundo o analista de TV Jeff Ben\u00edcio, para tentar atrair a aten\u00e7\u00e3o dessa popula\u00e7\u00e3o. Mas n\u00e3o tem conseguido! Em um artigo publicado recentemente, Ben\u00edcio, que escreve desde 1998 sobre [&hellip;]<\/p>\n","protected":false},"author":2,"featured_media":17701,"comment_status":"open","ping_status":"open","sticky":false,"template":"","format":"standard","meta":[],"categories":[11,12,10],"tags":[],"_links":{"self":[{"href":"https:\/\/dgospel.com.br\/portal\/index.php\/wp-json\/wp\/v2\/posts\/17700"}],"collection":[{"href":"https:\/\/dgospel.com.br\/portal\/index.php\/wp-json\/wp\/v2\/posts"}],"about":[{"href":"https:\/\/dgospel.com.br\/portal\/index.php\/wp-json\/wp\/v2\/types\/post"}],"author":[{"embeddable":true,"href":"https:\/\/dgospel.com.br\/portal\/index.php\/wp-json\/wp\/v2\/users\/2"}],"replies":[{"embeddable":true,"href":"https:\/\/dgospel.com.br\/portal\/index.php\/wp-json\/wp\/v2\/comments?post=17700"}],"version-history":[{"count":1,"href":"https:\/\/dgospel.com.br\/portal\/index.php\/wp-json\/wp\/v2\/posts\/17700\/revisions"}],"predecessor-version":[{"id":17702,"href":"https:\/\/dgospel.com.br\/portal\/index.php\/wp-json\/wp\/v2\/posts\/17700\/revisions\/17702"}],"wp:featuredmedia":[{"embeddable":true,"href":"https:\/\/dgospel.com.br\/portal\/index.php\/wp-json\/wp\/v2\/media\/17701"}],"wp:attachment":[{"href":"https:\/\/dgospel.com.br\/portal\/index.php\/wp-json\/wp\/v2\/media?parent=17700"}],"wp:term":[{"taxonomy":"category","embeddable":true,"href":"https:\/\/dgospel.com.br\/portal\/index.php\/wp-json\/wp\/v2\/categories?post=17700"},{"taxonomy":"post_tag","embeddable":true,"href":"https:\/\/dgospel.com.br\/portal\/index.php\/wp-json\/wp\/v2\/tags?post=17700"}],"curies":[{"name":"wp","href":"https:\/\/api.w.org\/{rel}","templated":true}]}}