{"id":17703,"date":"2023-11-16T09:51:06","date_gmt":"2023-11-16T12:51:06","guid":{"rendered":"http:\/\/dgospel.com.br\/portal\/?p=17703"},"modified":"2023-11-16T09:51:07","modified_gmt":"2023-11-16T12:51:07","slug":"israel-recebe-apoio-de-cristaos-franceses-e-ajuda-dos-eua","status":"publish","type":"post","link":"https:\/\/dgospel.com.br\/portal\/index.php\/2023\/11\/16\/israel-recebe-apoio-de-cristaos-franceses-e-ajuda-dos-eua\/","title":{"rendered":"Israel recebe apoio de crist\u00e3os franceses e ajuda dos EUA"},"content":{"rendered":"\n<p>A luta de Israel&nbsp; contra o&nbsp;<a href=\"https:\/\/noticias.gospelmais.com.br\/profecia-se-cumprindo-pastor-ataques-israel-164987.html\">terrorismo<\/a>&nbsp;do grupo Hamas fez surgir uma s\u00e9rie de manifesta\u00e7\u00f5es pelo mundo, despertando uma onda de antissemitismo jamais vista desde o fim do holocausto nazista. Mas, felizmente, o Estado judaico tamb\u00e9m vem observando a rea\u00e7\u00e3o de crist\u00e3os em diferentes pa\u00edses, todos mobilizados em seu socorro.<\/p>\n\n\n\n<p>Nos Estados Unidos, por exemplo, milhares de crist\u00e3os evang\u00e9licos lan\u00e7aram a campanha Don\u2019t Look Away (N\u00e3o desvie o olhar, em tradu\u00e7\u00e3o livre), lan\u00e7ada pela Christians United for Israel (CUFI), com o objetivo de arrecadar fundos para os israelenses.<\/p>\n\n\n\n<p>Uma vez que a guerra consome valores na casa dos milh\u00f5es e bilh\u00f5es, a preocupa\u00e7\u00e3o \u00e9 fazer com que o pa\u00eds n\u00e3o fique desamparado em setores estrat\u00e9gicos, como no socorro m\u00e9dico \u00e0s v\u00edtimas do conflito. At\u00e9 o momento, j\u00e1 foram arrecadados 2,65 milh\u00f5es de d\u00f3lares com esse objetivo.<\/p>\n\n\n\n<p>\u201cApesar das circunst\u00e2ncias sombrias nos campi universit\u00e1rios e em algumas regi\u00f5es do pa\u00eds, isso n\u00e3o reflete a corrente dominante na Am\u00e9rica\u201d, declarou Shari Dollinger, codiretora executiva da CUFI, ao The Times of Israel.<\/p>\n\n\n\n<p>\u201cContamos com 10 milh\u00f5es de membros. Muitas pessoas desejam contribuir de maneira pr\u00e1tica para proporcionar a Israel e ao povo judeu a certeza de que n\u00e3o est\u00e3o sozinhos\u201d, completou Shari.<\/p>\n\n\n\n<p>As manifesta\u00e7\u00f5es de apoio a Israel contrastam com algumas que pregam \u00f3dio aos judeus e externam apoio ao Hamas, que atacou o Estado judaico no dia sete de outubro, assassinando brutalmente cerca de 1.400 inocentes, incluindo mulheres, idosos e at\u00e9 beb\u00eas, muitos dos quais queimados e estuprados.<\/p>\n\n\n\n<h2>Pastores se posicionam<\/h2>\n\n\n\n<p>A Comiss\u00e3o de Liberdade \u00c9tica e Religiosa (ERLC), afiliada \u00e0 Conven\u00e7\u00e3o Batista do Sul, tamb\u00e9m lan\u00e7ou um manifesto de apoio a Israel, assinado por dois mil pastores, denominada \u201cDeclara\u00e7\u00e3o Evang\u00e9lica em Apoio a Israel\u201d.<\/p>\n\n\n\n<p>No Brasil, a Coaliz\u00e3o pelo Evangelho, um grupo formado por in\u00fameros pastores e te\u00f3logos renomados, tamb\u00e9m lan\u00e7ou uma nota em apoio ao pa\u00eds judaico. Na Fran\u00e7a, cerca de 100 mil pessoas protestaram contra o antissemitismo, refor\u00e7ando o coro contra o terrorismo.<\/p>\n\n\n\n<p>Enquanto isso, aqui no Brasil, o presidente Luiz In\u00e1cio Lula passou a ser criticado por equiparar o Estado de Israel ao grupo terrorista Hamas. Em uma declara\u00e7\u00e3o feita na noite da \u00faltima segunda-feira, o petista distorceu os fatos ao falar da guerra no Oriente M\u00e9dio:<\/p>\n\n\n\n<p>\u201cEu nunca vi uma viol\u00eancia t\u00e3o bruta, t\u00e3o desumana contra inocentes. Se o Hamas cometeu um ato de terrorismo, o Estado de Israel tamb\u00e9m est\u00e1 cometendo um ato de terrorismo\u201d, disse Lula.<\/p>\n\n\n\n<p>Em resposta ao presidente da Rep\u00fablica, a Confedera\u00e7\u00e3o Israelita do Brasil emitiu uma nota classificando como \u201cperigosa\u201d a fala do petista. Leia a \u00edntegra do&nbsp;<a href=\"https:\/\/www.conib.org.br\/noticias-conib\/38062-para-conib-fala-do-presidente-lula-equiparando-acoes-de-israel-ao-grupo-terrorista-hamas-e-perigosa.html\">documento<\/a>, abaixo:<\/p>\n\n\n\n<p><em>A fala hoje do presidente Lula equiparando as a\u00e7\u00f5es de Israel ao grupo terrorista Hamas \u00e9 equivocada e perigosa.<\/em><\/p>\n\n\n\n<p><em>Desde o come\u00e7o dessa tr\u00e1gica guerra, provocada pelo mais terr\u00edvel massacre contra judeus desde o Holocausto, Israel vem fazendo esfor\u00e7os vis\u00edveis e comprovados para poupar civis palestinos, pedindo que eles se desloquem para \u00e1reas mais seguras, criando corredores humanit\u00e1rios, avisando a popula\u00e7\u00e3o da imin\u00eancia de ataques.<\/em><\/p>\n\n\n\n<p><em>O Hamas, por outro lado, se esconde c\u00ednica e covardemente atr\u00e1s das mulheres e crian\u00e7as de Gaza. A morte desses civis palestinos \u00e9 uma arma importante da estrat\u00e9gia do Hamas, uma estrat\u00e9gia que o pr\u00f3prio grupo terrorista reconhece que pratica.<\/em><\/p>\n\n\n\n<p><em>Al\u00e9m de equivocadas e injustas, falas como essa do presidente da Rep\u00fablica s\u00e3o tamb\u00e9m perigosas. Estimulam entre seus muitos seguidores uma vis\u00e3o distorcida e radicalizada do conflito, no momento em que os pr\u00f3prios \u00f3rg\u00e3os de seguran\u00e7a do governo brasileiro atuam com compet\u00eancia para prender rede terrorista que planejava atentados contra judeus no Brasil.<\/em><\/p>\n\n\n\n<p><em>A comunidade judaica brasileira espera equil\u00edbrio das nossas autoridades e uma atua\u00e7\u00e3o serena que n\u00e3o importe ao Brasil o terr\u00edvel conflito no Oriente M\u00e9dio.<\/em><\/p>\n","protected":false},"excerpt":{"rendered":"<p>A luta de Israel&nbsp; contra o&nbsp;terrorismo&nbsp;do grupo Hamas fez surgir uma s\u00e9rie de manifesta\u00e7\u00f5es pelo mundo, despertando uma onda de antissemitismo jamais vista desde o fim do holocausto nazista. Mas, felizmente, o Estado judaico tamb\u00e9m vem observando a rea\u00e7\u00e3o de crist\u00e3os em diferentes pa\u00edses, todos mobilizados em seu socorro. Nos Estados Unidos, por exemplo, milhares [&hellip;]<\/p>\n","protected":false},"author":2,"featured_media":17704,"comment_status":"open","ping_status":"open","sticky":false,"template":"","format":"standard","meta":[],"categories":[11,12,16],"tags":[],"_links":{"self":[{"href":"https:\/\/dgospel.com.br\/portal\/index.php\/wp-json\/wp\/v2\/posts\/17703"}],"collection":[{"href":"https:\/\/dgospel.com.br\/portal\/index.php\/wp-json\/wp\/v2\/posts"}],"about":[{"href":"https:\/\/dgospel.com.br\/portal\/index.php\/wp-json\/wp\/v2\/types\/post"}],"author":[{"embeddable":true,"href":"https:\/\/dgospel.com.br\/portal\/index.php\/wp-json\/wp\/v2\/users\/2"}],"replies":[{"embeddable":true,"href":"https:\/\/dgospel.com.br\/portal\/index.php\/wp-json\/wp\/v2\/comments?post=17703"}],"version-history":[{"count":1,"href":"https:\/\/dgospel.com.br\/portal\/index.php\/wp-json\/wp\/v2\/posts\/17703\/revisions"}],"predecessor-version":[{"id":17705,"href":"https:\/\/dgospel.com.br\/portal\/index.php\/wp-json\/wp\/v2\/posts\/17703\/revisions\/17705"}],"wp:featuredmedia":[{"embeddable":true,"href":"https:\/\/dgospel.com.br\/portal\/index.php\/wp-json\/wp\/v2\/media\/17704"}],"wp:attachment":[{"href":"https:\/\/dgospel.com.br\/portal\/index.php\/wp-json\/wp\/v2\/media?parent=17703"}],"wp:term":[{"taxonomy":"category","embeddable":true,"href":"https:\/\/dgospel.com.br\/portal\/index.php\/wp-json\/wp\/v2\/categories?post=17703"},{"taxonomy":"post_tag","embeddable":true,"href":"https:\/\/dgospel.com.br\/portal\/index.php\/wp-json\/wp\/v2\/tags?post=17703"}],"curies":[{"name":"wp","href":"https:\/\/api.w.org\/{rel}","templated":true}]}}