{"id":17715,"date":"2023-11-16T10:17:42","date_gmt":"2023-11-16T13:17:42","guid":{"rendered":"http:\/\/dgospel.com.br\/portal\/?p=17715"},"modified":"2023-11-16T10:20:17","modified_gmt":"2023-11-16T13:20:17","slug":"entidade-judaica-acusa-dino-de-usar-biblia-para-demonizar-israel","status":"publish","type":"post","link":"https:\/\/dgospel.com.br\/portal\/index.php\/2023\/11\/16\/entidade-judaica-acusa-dino-de-usar-biblia-para-demonizar-israel\/","title":{"rendered":"Entidade judaica acusa Dino de usar B\u00edblia para demonizar Israel"},"content":{"rendered":"\n<p>A Confedera\u00e7\u00e3o Israelita do Brasil (Conib) criticou nesta quarta-feira (15), o ministro da Justi\u00e7a, Fl\u00e1vio Dino, por uma publica\u00e7\u00e3o na rede social X, o antigo Twitter, na qual ele compara a retirada dos 32 brasileiros da Faixa de Gaza, em meio \u00e0 guerra entre Israel e o Hamas, \u00e0 passagem b\u00edblica do Novo Testamento na qual Jos\u00e9 e Maria fogem para o Egito com o menino Jesus para escapar do governador romano Herodes.<\/p>\n\n\n\n<p>Segundo a entidade, Dino evocou narrativas b\u00edblicas para demonizar Israel e os judeus ao tra\u00e7ar um paralelo entre Herodes e a opera\u00e7\u00e3o israelense contra o Hamas. Ao longo dos s\u00e9culos, uma das formas mais comuns de antissemitismo na Europa crist\u00e3 era associar os judeus \u00e0 morte de Jesus na cruz.<\/p>\n\n\n\n<p>A reportagem procurou o Minist\u00e9rio da Justi\u00e7a, que n\u00e3o se manifestou at\u00e9 a publica\u00e7\u00e3o deste texto.<\/p>\n\n\n\n<p>\u2013 Que o Brasil seja esse \u201cEgito\u201d b\u00edblico para as crian\u00e7as que vi descerem a escada do avi\u00e3o ontem \u00e0 noite. E que os Herodes, todos eles, parem de massacrar as crian\u00e7as, todas elas \u2013 disse Dino nesta ter\u00e7a (14), ao citar o Evangelho de S\u00e3o Mateus 2:13, que diz: \u201cum anjo do Senhor apareceu em so\u00adnho a Jos\u00e9 e disse: \u2018Levanta-te, toma o menino e sua m\u00e3e e foge para o Egito; fica l\u00e1 at\u00e9 que eu te avise, porque Herodes vai procurar o menino para o matar&#8217;\u201d.<\/p>\n\n\n\n<p>Ainda de acordo com a nota da Conib, num momento tenso como este, com autoridades brasileiras desbaratando planos terroristas em solo brasileiro, Dino deveria estar focado em manter a seguran\u00e7a e a conviv\u00eancia harm\u00f4nica na sociedade.<\/p>\n\n\n\n<p>\u2013 Dino fez o contr\u00e1rio ao postar mensagem que estimula o antissemitismo e o discurso de \u00f3dio, como fica comprovado lendo coment\u00e1rios sobre sua pr\u00f3pria postagem na rede social X. A Conib volta a pedir ao governo brasileiro equil\u00edbrio e serenidade para que n\u00e3o importemos o tr\u00e1gico conflito do Oriente M\u00e9dio para o nosso pa\u00eds \u2013 assinalou.<\/p>\n\n\n\n<p>Nos \u00faltimos dias, a comunidade judaica tem criticado declara\u00e7\u00f5es de membros do governo sobre a guerra na Faixa de Gaza, especialmente do presidente Luiz In\u00e1cio Lula da Silva (PT), que igualou Israel ao Hamas nos \u00faltimos dias ao qualificar de genoc\u00eddio a morte de civis palestinos em Gaza.<\/p>\n\n\n\n<p>Nesta ter\u00e7a-feira, depois das declara\u00e7\u00f5es do presidente, a Conib e outras entidades, como o Instituto Brasil Israel e a ONG StandWithUs Brasil criticaram o presidente.<\/p>\n\n\n\n<p><strong>LEIA A \u00cdNTEGRA DA NOTA:<\/strong><br><em>Mensagem do ministro da Justi\u00e7a, Fl\u00e1vio Dino, evoca em rede social narrativas b\u00edblicas para demonizar Israel e os judeus. Num momento tenso como este, com autoridades brasileiras ligadas ao seu pr\u00f3prio minist\u00e9rio desbaratando planos terroristas em solo brasileiro, o ministro Dino deveria estar focado em manter a seguran\u00e7a e a conviv\u00eancia harm\u00f4nica na sociedade brasileira. Ele fez o contr\u00e1rio ao postar mensagem que estimula o antissemitismo e o discurso de \u00f3dio, como fica comprovado lendo coment\u00e1rios sobre sua pr\u00f3pria postagem na rede social X. A Conib volta a pedir ao governo brasileiro equil\u00edbrio e serenidade para que n\u00e3o importemos o tr\u00e1gico conflito do Oriente M\u00e9dio para o nosso pa\u00eds.<\/em><\/p>\n\n\n\n<p>*AE<\/p>\n","protected":false},"excerpt":{"rendered":"<p>A Confedera\u00e7\u00e3o Israelita do Brasil (Conib) criticou nesta quarta-feira (15), o ministro da Justi\u00e7a, Fl\u00e1vio Dino, por uma publica\u00e7\u00e3o na rede social X, o antigo Twitter, na qual ele compara a retirada dos 32 brasileiros da Faixa de Gaza, em meio \u00e0 guerra entre Israel e o Hamas, \u00e0 passagem b\u00edblica do Novo Testamento na [&hellip;]<\/p>\n","protected":false},"author":2,"featured_media":17716,"comment_status":"open","ping_status":"open","sticky":false,"template":"","format":"standard","meta":[],"categories":[10],"tags":[13],"_links":{"self":[{"href":"https:\/\/dgospel.com.br\/portal\/index.php\/wp-json\/wp\/v2\/posts\/17715"}],"collection":[{"href":"https:\/\/dgospel.com.br\/portal\/index.php\/wp-json\/wp\/v2\/posts"}],"about":[{"href":"https:\/\/dgospel.com.br\/portal\/index.php\/wp-json\/wp\/v2\/types\/post"}],"author":[{"embeddable":true,"href":"https:\/\/dgospel.com.br\/portal\/index.php\/wp-json\/wp\/v2\/users\/2"}],"replies":[{"embeddable":true,"href":"https:\/\/dgospel.com.br\/portal\/index.php\/wp-json\/wp\/v2\/comments?post=17715"}],"version-history":[{"count":1,"href":"https:\/\/dgospel.com.br\/portal\/index.php\/wp-json\/wp\/v2\/posts\/17715\/revisions"}],"predecessor-version":[{"id":17717,"href":"https:\/\/dgospel.com.br\/portal\/index.php\/wp-json\/wp\/v2\/posts\/17715\/revisions\/17717"}],"wp:featuredmedia":[{"embeddable":true,"href":"https:\/\/dgospel.com.br\/portal\/index.php\/wp-json\/wp\/v2\/media\/17716"}],"wp:attachment":[{"href":"https:\/\/dgospel.com.br\/portal\/index.php\/wp-json\/wp\/v2\/media?parent=17715"}],"wp:term":[{"taxonomy":"category","embeddable":true,"href":"https:\/\/dgospel.com.br\/portal\/index.php\/wp-json\/wp\/v2\/categories?post=17715"},{"taxonomy":"post_tag","embeddable":true,"href":"https:\/\/dgospel.com.br\/portal\/index.php\/wp-json\/wp\/v2\/tags?post=17715"}],"curies":[{"name":"wp","href":"https:\/\/api.w.org\/{rel}","templated":true}]}}