{"id":17718,"date":"2023-11-16T10:27:51","date_gmt":"2023-11-16T13:27:51","guid":{"rendered":"http:\/\/dgospel.com.br\/portal\/?p=17718"},"modified":"2023-11-16T10:27:52","modified_gmt":"2023-11-16T13:27:52","slug":"recorde-de-precos-arroz-atinge-maior-valor-historico-no-brasil","status":"publish","type":"post","link":"https:\/\/dgospel.com.br\/portal\/index.php\/2023\/11\/16\/recorde-de-precos-arroz-atinge-maior-valor-historico-no-brasil\/","title":{"rendered":"Recorde de Pre\u00e7os: Arroz atinge maior valor hist\u00f3rico no Brasil"},"content":{"rendered":"\n<p>O arroz atingiu o pre\u00e7o mais alto da hist\u00f3ria no Brasil, ultrapassando a marca de R$ 113 por saca, revela o Cepea\/Esalq, com uma valoriza\u00e7\u00e3o impressionante de 38,5% nos \u00faltimos 12 meses. A escalada dos pre\u00e7os no campo tamb\u00e9m se faz sentir no varejo, com a Associa\u00e7\u00e3o Brasileira de Supermercados (Abras) reportando uma valoriza\u00e7\u00e3o de 10,8% at\u00e9 setembro deste ano. A pergunta que fica \u00e9: por que esse alimento b\u00e1sico na mesa dos brasileiros est\u00e1 ficando mais caro?<\/p>\n\n\n\n<p>Diversos fatores contribuem para esse momento hist\u00f3rico:<\/p>\n\n\n\n<ol><li><strong>Menor \u00c1rea Plantada:<\/strong>&nbsp;Na safra 22\/23, o Brasil semeou a menor \u00e1rea de todos os tempos, com menos de 1 milh\u00e3o e meio de hectares.<\/li><li><strong>Produ\u00e7\u00e3o em Queda:<\/strong>&nbsp;A produ\u00e7\u00e3o tamb\u00e9m caiu para o mais baixo patamar em quase 20 anos, com pouco mais de 10 milh\u00f5es de toneladas, segundo dados da Companhia Nacional de Abastecimento.<\/li><li><strong>Exporta\u00e7\u00f5es Aquecidas:<\/strong>&nbsp;As exporta\u00e7\u00f5es est\u00e3o em alta, com expectativa de fechar o ano em torno de 1,7 milh\u00e3o de toneladas.<\/li><li><strong>Restri\u00e7\u00e3o Global na Oferta:<\/strong>&nbsp;Restri\u00e7\u00f5es na oferta global de arroz da \u00cdndia, um dos maiores exportadores do mundo.<\/li><li><strong>Dificuldades no Plantio:<\/strong>&nbsp;Dificuldades no plantio da safra atual, a 23\/24, especialmente nas \u00e1reas de maior produ\u00e7\u00e3o, como os estados do Sul do pa\u00eds, devido ao excesso de chuvas que tem prejudicado os trabalhos de campo.<\/li><\/ol>\n\n\n\n<p>A proje\u00e7\u00e3o da Cogo Intelig\u00eancia em Agroneg\u00f3cios \u00e9 que os pre\u00e7os do arroz permane\u00e7am firmes at\u00e9 o in\u00edcio de 2024, quando a colheita no Brasil tem in\u00edcio. No entanto, espera-se que haja repasses adicionais para o consumidor, uma vez que a ind\u00fastria busca melhorar a rentabilidade do cereal. Aumentos na \u00e1rea plantada e na produ\u00e7\u00e3o s\u00e3o esperados no Brasil, contudo, dependem das condi\u00e7\u00f5es clim\u00e1ticas favor\u00e1veis.<\/p>\n\n\n\n<p>Globalmente, a demanda por arroz \u00e9 alta, e a oferta restrita. O arroz foi o gr\u00e3o que mais aumentou de pre\u00e7o no mercado global nos \u00faltimos 12 meses, registrando uma eleva\u00e7\u00e3o de 30% em d\u00f3lares, destacando-se pela entressafra na Am\u00e9rica Latina, problemas na produ\u00e7\u00e3o em pa\u00edses como \u00cdndia e Mal\u00e1sia, e uma safra menos robusta nos Estados Unidos. Isso indica que podemos esperar meses de arroz com custo elevado pela frente.<\/p>\n","protected":false},"excerpt":{"rendered":"<p>O arroz atingiu o pre\u00e7o mais alto da hist\u00f3ria no Brasil, ultrapassando a marca de R$ 113 por saca, revela o Cepea\/Esalq, com uma valoriza\u00e7\u00e3o impressionante de 38,5% nos \u00faltimos 12 meses. A escalada dos pre\u00e7os no campo tamb\u00e9m se faz sentir no varejo, com a Associa\u00e7\u00e3o Brasileira de Supermercados (Abras) reportando uma valoriza\u00e7\u00e3o de [&hellip;]<\/p>\n","protected":false},"author":2,"featured_media":17719,"comment_status":"open","ping_status":"open","sticky":false,"template":"","format":"standard","meta":[],"categories":[10],"tags":[],"_links":{"self":[{"href":"https:\/\/dgospel.com.br\/portal\/index.php\/wp-json\/wp\/v2\/posts\/17718"}],"collection":[{"href":"https:\/\/dgospel.com.br\/portal\/index.php\/wp-json\/wp\/v2\/posts"}],"about":[{"href":"https:\/\/dgospel.com.br\/portal\/index.php\/wp-json\/wp\/v2\/types\/post"}],"author":[{"embeddable":true,"href":"https:\/\/dgospel.com.br\/portal\/index.php\/wp-json\/wp\/v2\/users\/2"}],"replies":[{"embeddable":true,"href":"https:\/\/dgospel.com.br\/portal\/index.php\/wp-json\/wp\/v2\/comments?post=17718"}],"version-history":[{"count":1,"href":"https:\/\/dgospel.com.br\/portal\/index.php\/wp-json\/wp\/v2\/posts\/17718\/revisions"}],"predecessor-version":[{"id":17720,"href":"https:\/\/dgospel.com.br\/portal\/index.php\/wp-json\/wp\/v2\/posts\/17718\/revisions\/17720"}],"wp:featuredmedia":[{"embeddable":true,"href":"https:\/\/dgospel.com.br\/portal\/index.php\/wp-json\/wp\/v2\/media\/17719"}],"wp:attachment":[{"href":"https:\/\/dgospel.com.br\/portal\/index.php\/wp-json\/wp\/v2\/media?parent=17718"}],"wp:term":[{"taxonomy":"category","embeddable":true,"href":"https:\/\/dgospel.com.br\/portal\/index.php\/wp-json\/wp\/v2\/categories?post=17718"},{"taxonomy":"post_tag","embeddable":true,"href":"https:\/\/dgospel.com.br\/portal\/index.php\/wp-json\/wp\/v2\/tags?post=17718"}],"curies":[{"name":"wp","href":"https:\/\/api.w.org\/{rel}","templated":true}]}}