{"id":17721,"date":"2023-11-16T11:15:07","date_gmt":"2023-11-16T14:15:07","guid":{"rendered":"http:\/\/dgospel.com.br\/portal\/?p=17721"},"modified":"2023-11-16T11:15:08","modified_gmt":"2023-11-16T14:15:08","slug":"ad-ministerio-do-belem-inaugura-novo-templo-sede-em-sp","status":"publish","type":"post","link":"https:\/\/dgospel.com.br\/portal\/index.php\/2023\/11\/16\/ad-ministerio-do-belem-inaugura-novo-templo-sede-em-sp\/","title":{"rendered":"AD Minist\u00e9rio do Bel\u00e9m inaugura novo templo sede em SP"},"content":{"rendered":"\n<p>A Assembleia de Deus do Minist\u00e9rio Bel\u00e9m em S\u00e3o Paulo, sob a presid\u00eancia do pastor Jos\u00e9 Wellington Bezerra da Costa, presidente da Conven\u00e7\u00e3o Fraternal das Assembleias de Deus no Estado de S\u00e3o Paulo (CONFRADESP) e presidente do Conselho Administrativo da Casa Publicadora das Assembleias de Deus (CPAD), realizou a inaugura\u00e7\u00e3o do seu novo templo-sede na tarde desta quarta-feira (15).<\/p>\n\n\n\n<p>Na ocasi\u00e3o, aconteceu um desfile, que partiu do antigo templo-sede, localizado na&nbsp;Rua Conselheiro Cotegipe, n\u00ba 273,&nbsp; at\u00e9 o seu novo endere\u00e7o na Rua Dr. Fomm, n\u00ba 140, esquina com a Alc\u00e2ntara Machado. Mais de 10 mil pessoas participaram da caminhada, dentre elas obreiros, irm\u00e3s, jovens e crian\u00e7as da AD paulista. A festa tamb\u00e9m contou com a presen\u00e7a do governador de S\u00e3o Paulo, Tarc\u00edsio de Freitas; do prefeito de S\u00e3o Paulo, Ricardo Nunes; e do secret\u00e1rio de Governo e Rela\u00e7\u00f5es Institucionais do Estado de S\u00e3o Paulo, Gilberto Kassab, dentre outras autoridades p\u00fablicas e eclesi\u00e1sticas.<\/p>\n\n\n\n<p>Em sequ\u00eancia, foi realizado um grande Culto em A\u00e7\u00e3o de Gra\u00e7as a Deus no novo templo-sede, que ficou superlotado. Alguns l\u00edderes das Assembleias de Deus em outros estados tamb\u00e9m se fizeram presentes, bem como o diretor-executivo da CPAD, irm\u00e3o Ronaldo Rodrigues de Souza. Ao final, foram entregues placas de homenagem.<\/p>\n\n\n\n<p>Mais informa\u00e7\u00f5es na edi\u00e7\u00e3o de Dezembro de 2023 do jornal \u201cMensageiro da Paz\u201d (CPAD).<\/p>\n\n\n\n<figure class=\"wp-block-image\"><img src=\"https:\/\/www.cpadnews.com.br\/wp-content\/uploads\/2023\/11\/Esolhida-2-640x426.jpeg\" alt=\"\" class=\"wp-image-21111\"\/><\/figure>\n\n\n\n<figure class=\"wp-block-image\"><img src=\"https:\/\/www.cpadnews.com.br\/wp-content\/uploads\/2023\/11\/Escolhida-1-640x426.jpeg\" alt=\"\" class=\"wp-image-21112\"\/><\/figure>\n\n\n\n<figure class=\"wp-block-image\"><img src=\"https:\/\/www.cpadnews.com.br\/wp-content\/uploads\/2023\/11\/1B-640x426.jpeg\" alt=\"\" class=\"wp-image-21115\"\/><\/figure>\n\n\n\n<figure class=\"wp-block-image\"><img src=\"https:\/\/www.cpadnews.com.br\/wp-content\/uploads\/2023\/11\/1G-640x427.jpeg\" alt=\"\" class=\"wp-image-21107\"\/><\/figure>\n\n\n\n<figure class=\"wp-block-image\"><img src=\"https:\/\/www.cpadnews.com.br\/wp-content\/uploads\/2023\/11\/1H-640x426.jpeg\" alt=\"\" class=\"wp-image-21108\"\/><\/figure>\n\n\n\n<figure class=\"wp-block-image\"><img src=\"https:\/\/www.cpadnews.com.br\/wp-content\/uploads\/2023\/11\/1I-640x426.jpeg\" alt=\"\" class=\"wp-image-21109\"\/><\/figure>\n","protected":false},"excerpt":{"rendered":"<p>A Assembleia de Deus do Minist\u00e9rio Bel\u00e9m em S\u00e3o Paulo, sob a presid\u00eancia do pastor Jos\u00e9 Wellington Bezerra da Costa, presidente da Conven\u00e7\u00e3o Fraternal das Assembleias de Deus no Estado de S\u00e3o Paulo (CONFRADESP) e presidente do Conselho Administrativo da Casa Publicadora das Assembleias de Deus (CPAD), realizou a inaugura\u00e7\u00e3o do seu novo templo-sede na [&hellip;]<\/p>\n","protected":false},"author":2,"featured_media":17722,"comment_status":"open","ping_status":"open","sticky":false,"template":"","format":"standard","meta":[],"categories":[5],"tags":[],"_links":{"self":[{"href":"https:\/\/dgospel.com.br\/portal\/index.php\/wp-json\/wp\/v2\/posts\/17721"}],"collection":[{"href":"https:\/\/dgospel.com.br\/portal\/index.php\/wp-json\/wp\/v2\/posts"}],"about":[{"href":"https:\/\/dgospel.com.br\/portal\/index.php\/wp-json\/wp\/v2\/types\/post"}],"author":[{"embeddable":true,"href":"https:\/\/dgospel.com.br\/portal\/index.php\/wp-json\/wp\/v2\/users\/2"}],"replies":[{"embeddable":true,"href":"https:\/\/dgospel.com.br\/portal\/index.php\/wp-json\/wp\/v2\/comments?post=17721"}],"version-history":[{"count":1,"href":"https:\/\/dgospel.com.br\/portal\/index.php\/wp-json\/wp\/v2\/posts\/17721\/revisions"}],"predecessor-version":[{"id":17723,"href":"https:\/\/dgospel.com.br\/portal\/index.php\/wp-json\/wp\/v2\/posts\/17721\/revisions\/17723"}],"wp:featuredmedia":[{"embeddable":true,"href":"https:\/\/dgospel.com.br\/portal\/index.php\/wp-json\/wp\/v2\/media\/17722"}],"wp:attachment":[{"href":"https:\/\/dgospel.com.br\/portal\/index.php\/wp-json\/wp\/v2\/media?parent=17721"}],"wp:term":[{"taxonomy":"category","embeddable":true,"href":"https:\/\/dgospel.com.br\/portal\/index.php\/wp-json\/wp\/v2\/categories?post=17721"},{"taxonomy":"post_tag","embeddable":true,"href":"https:\/\/dgospel.com.br\/portal\/index.php\/wp-json\/wp\/v2\/tags?post=17721"}],"curies":[{"name":"wp","href":"https:\/\/api.w.org\/{rel}","templated":true}]}}