{"id":17724,"date":"2023-11-16T17:43:24","date_gmt":"2023-11-16T20:43:24","guid":{"rendered":"http:\/\/dgospel.com.br\/portal\/?p=17724"},"modified":"2023-11-17T16:17:33","modified_gmt":"2023-11-17T19:17:33","slug":"oposicao-denuncia-cerceamento-de-liberdades-no-brasil-a-oea","status":"publish","type":"post","link":"https:\/\/dgospel.com.br\/portal\/index.php\/2023\/11\/16\/oposicao-denuncia-cerceamento-de-liberdades-no-brasil-a-oea\/","title":{"rendered":"Parlamentares da direita denunciam cerceamento de liberdades no Brasil \u00e0 OEA"},"content":{"rendered":"\n<p>Senadores e deputados federais da direita est\u00e3o nos Estados Unidos para denunciar o cerceamento de liberdades no Brasil para \u00f3rg\u00e3os internacionais. A comitiva esteve, nesta quinta-feira (16), na Organiza\u00e7\u00e3o dos Estados Americanos (OEA) para denunciar as pris\u00f5es e os julgamentos do 8 de janeiro, a pris\u00e3o de Daniel Silveira e a persegui\u00e7\u00e3o a jornalistas como Paulo Figueiredo, que teve seu passaporte cancelado a mando do ministro Alexandre de Moraes (STF).<\/p>\n\n\n\n<p>Fazem parte da comitiva os senadores Magno Malta (PL-ES), Jorge Seif (PL-SC) e Eduardo Gir\u00e3o (Novo-CE), al\u00e9m dos deputados federais Nikolas Ferreira (PL-MG), J\u00falia Zanatta (PL-SC), Gustavo Gayer (PL-GO), Eduardo Bolsonaro (PL-SP), Delegado Ramagem (PL-DF) e Altineu C\u00f4rtes (PL-RJ).<\/p>\n\n\n\n<p>\u2013 Acabamos de sair de uma reuni\u00e3o com os membros da OEA onde fizemos os relatos do que tem acontecido no nosso Brasil, como o ataque constante \u00e0s nossas liberdades, como liberdade de express\u00e3o e o desrespeito ao sistema persecut\u00f3rio e sistema acusat\u00f3rio com os membros do 8 de janeiro \u2013 declarou Gayer.<\/p>\n\n\n\n<p>\u2013 Pedimos uma posi\u00e7\u00e3o [para a OEA] j\u00e1 que, infelizmente, nossos superiores tribunais n\u00e3o t\u00eam tomado as decis\u00f5es corretas. Espero que isso aqui [a reuni\u00e3o] gere frutos \u2013 falou Nikolas.<\/p>\n\n\n\n<p>O senador Magno Malta, por sua vez, esclareceu que os \u00f3rg\u00e3os internacionais servem exatamente para julgar excessos em pa\u00edses e que eles, enquanto oposi\u00e7\u00e3o, ir\u00e3o bater em todas as portas para denunciar as decis\u00f5es que n\u00e3o considerarem corretas.<\/p>\n\n\n\n<p><strong>Assista:<\/strong><\/p>\n\n\n\n<blockquote class=\"wp-block-quote\"><p>&nbsp;Ver essa foto no Instagram<\/p><p>&nbsp;<\/p><p><a href=\"https:\/\/www.instagram.com\/reel\/CztkV4Nrptd\/?utm_source=ig_embed&amp;utm_campaign=loading\" target=\"_blank\" rel=\"noreferrer noopener\">Uma publica\u00e7\u00e3o compartilhada por Nikolas Ferreira (@nikolasferreirabr)<\/a><\/p><\/blockquote>\n\n\n\n<p><br><strong>VISITA A DEPUTADOS REPUBLICANOS<\/strong><br>A viagem tamb\u00e9m serviu para que o grupo de parlamentares visitassem os deputados republicanos George Santos, Marjorie Taylor Greene e Christopher Smith.<\/p>\n\n\n\n<p>\u2013 Foram encontros muito positivos, a gente leva a nossa percep\u00e7\u00e3o do Brasil, na verdade, a realidade do que est\u00e1 acontecendo e temos a oportunidade de falar principalmente sobre o cerceamento das liberdades. S\u00e3o processos onde est\u00e3o encarcerando pessoas de maneira injusta, que n\u00e3o cometeram crimes parlamentares que s\u00e3o presos por dar opini\u00e3o, jornalistas exilados \u2013 disse Eduardo Bolsonaro.<\/p>\n\n\n\n<p><\/p>\n","protected":false},"excerpt":{"rendered":"<p>Senadores e deputados federais da direita est\u00e3o nos Estados Unidos para denunciar o cerceamento de liberdades no Brasil para \u00f3rg\u00e3os internacionais. A comitiva esteve, nesta quinta-feira (16), na Organiza\u00e7\u00e3o dos Estados Americanos (OEA) para denunciar as pris\u00f5es e os julgamentos do 8 de janeiro, a pris\u00e3o de Daniel Silveira e a persegui\u00e7\u00e3o a jornalistas como [&hellip;]<\/p>\n","protected":false},"author":2,"featured_media":17725,"comment_status":"open","ping_status":"open","sticky":false,"template":"","format":"standard","meta":[],"categories":[8],"tags":[],"_links":{"self":[{"href":"https:\/\/dgospel.com.br\/portal\/index.php\/wp-json\/wp\/v2\/posts\/17724"}],"collection":[{"href":"https:\/\/dgospel.com.br\/portal\/index.php\/wp-json\/wp\/v2\/posts"}],"about":[{"href":"https:\/\/dgospel.com.br\/portal\/index.php\/wp-json\/wp\/v2\/types\/post"}],"author":[{"embeddable":true,"href":"https:\/\/dgospel.com.br\/portal\/index.php\/wp-json\/wp\/v2\/users\/2"}],"replies":[{"embeddable":true,"href":"https:\/\/dgospel.com.br\/portal\/index.php\/wp-json\/wp\/v2\/comments?post=17724"}],"version-history":[{"count":2,"href":"https:\/\/dgospel.com.br\/portal\/index.php\/wp-json\/wp\/v2\/posts\/17724\/revisions"}],"predecessor-version":[{"id":17743,"href":"https:\/\/dgospel.com.br\/portal\/index.php\/wp-json\/wp\/v2\/posts\/17724\/revisions\/17743"}],"wp:featuredmedia":[{"embeddable":true,"href":"https:\/\/dgospel.com.br\/portal\/index.php\/wp-json\/wp\/v2\/media\/17725"}],"wp:attachment":[{"href":"https:\/\/dgospel.com.br\/portal\/index.php\/wp-json\/wp\/v2\/media?parent=17724"}],"wp:term":[{"taxonomy":"category","embeddable":true,"href":"https:\/\/dgospel.com.br\/portal\/index.php\/wp-json\/wp\/v2\/categories?post=17724"},{"taxonomy":"post_tag","embeddable":true,"href":"https:\/\/dgospel.com.br\/portal\/index.php\/wp-json\/wp\/v2\/tags?post=17724"}],"curies":[{"name":"wp","href":"https:\/\/api.w.org\/{rel}","templated":true}]}}