{"id":17727,"date":"2023-11-16T17:46:31","date_gmt":"2023-11-16T20:46:31","guid":{"rendered":"http:\/\/dgospel.com.br\/portal\/?p=17727"},"modified":"2023-11-16T17:46:32","modified_gmt":"2023-11-16T20:46:32","slug":"juiz-pede-reabertura-de-inquerito-sobre-morte-de-eduardo-campos","status":"publish","type":"post","link":"https:\/\/dgospel.com.br\/portal\/index.php\/2023\/11\/16\/juiz-pede-reabertura-de-inquerito-sobre-morte-de-eduardo-campos\/","title":{"rendered":"Juiz pede reabertura de inqu\u00e9rito sobre morte de Eduardo Campos"},"content":{"rendered":"\n<p>O juiz federal Roberto Lemos dos Santos Filho decidiu remeter \u00e0 Procuradoria-Geral da Rep\u00fablica o pedido do advogado Ant\u00f4nio Campos, irm\u00e3o do ex-governador de Pernambuco Eduardo Campos, para a reabertura do inqu\u00e9rito sobre a morte do pol\u00edtico em um acidente de avi\u00e3o na manh\u00e3 de 13 de agosto de 2014, em Santos, no litoral de S\u00e3o Paulo.<\/p>\n\n\n\n<p>Em despacho publicado nesta quinta-feira (16), Roberto Lemos, da 5\u00aa Vara Federal Criminal de Santos, apontou a singularidade do caso e indicou que o encaminhamento \u00e0 PGR visa \u201cassegurar a revis\u00e3o da investiga\u00e7\u00e3o e assentar o acerto da conclus\u00e3o alcan\u00e7ada\u201d \u2013 no caso, a negativa do Minist\u00e9rio P\u00fablico Federal em reabrir o caso ap\u00f3s \u201cfatos novos\u201d apresentados por Ant\u00f4nio Campos \u00e0 Justi\u00e7a.<\/p>\n\n\n\n<p>O inqu\u00e9rito sobre a morte de Eduardo Campos foi arquivado em 2019, com resultado inconclusivo. Os investigadores n\u00e3o conseguiram determinar a causa exata da queda da aeronave e definir os respons\u00e1veis por eventuais crimes ou falhas, levantando quatro hip\u00f3teses para o ocorrido.<\/p>\n\n\n\n<p>O acidente ocorreu \u00e0 \u00e9poca em que Campos era candidato \u00e0 Presid\u00eancia da Rep\u00fablica. Ele cumpria agenda de campanha viajando do Rio de Janeiro para o Guaruj\u00e1 quando o avi\u00e3o, um modelo modelo 560XL da fabricante Cessna Aircraft, caiu em uma regi\u00e3o de pr\u00e9dios e casas t\u00e9rreas em Santos.<\/p>\n\n\n\n<p>Em julho, quase dez anos ap\u00f3s a morte do pol\u00edtico, o irm\u00e3o dele Ant\u00f4nio Campos anunciou que pediria a reabertura do caso. O requerimento tomou como base um parecer t\u00e9cnico de 246 laudas. De acordo com o advogado, a peti\u00e7\u00e3o levada \u00e0 Justi\u00e7a ainda \u201ctraz um roteiro como chegar aos poss\u00edveis respons\u00e1veis\u201d pelo que chama de \u201cacidente provocado\u201d, com \u201cind\u00edcios de assassinato\u201d.<\/p>\n\n\n\n<p>O Minist\u00e9rio P\u00fablico Federal (MPF) em Santos opinou por n\u00e3o reabrir o inqu\u00e9rito. Ant\u00f4nio Campos contestou o parecer, reiterando os \u201cfatos novos\u201d perante a 5\u00aa Vara Federal de Santos. Foi ap\u00f3s tal solicita\u00e7\u00e3o que o juiz Roberto Lemos enviou a solicita\u00e7\u00e3o \u00e0 PGR, a quem caber\u00e1 decidir se mant\u00e9m ou n\u00e3o o posicionamento de n\u00e3o reabrir a investiga\u00e7\u00e3o.<\/p>\n\n\n\n<p>Ant\u00f4nio Campos diz que vai insistir na reabertura do caso \u201cenquanto ele n\u00e3o for elucidado\u201d. O advogado pede o aprofundamento das investiga\u00e7\u00f5es e considera que \u201co irm\u00e3o faria o mesmo\u201d por ele. Em paralelo ao pedido de reabertura, pela via judicial e da Procuradoria, ele tenta uma audi\u00eancia com o Minist\u00e9rio da Justi\u00e7a para tratar do caso.<\/p>\n\n\n\n<p>*AE<\/p>\n","protected":false},"excerpt":{"rendered":"<p>O juiz federal Roberto Lemos dos Santos Filho decidiu remeter \u00e0 Procuradoria-Geral da Rep\u00fablica o pedido do advogado Ant\u00f4nio Campos, irm\u00e3o do ex-governador de Pernambuco Eduardo Campos, para a reabertura do inqu\u00e9rito sobre a morte do pol\u00edtico em um acidente de avi\u00e3o na manh\u00e3 de 13 de agosto de 2014, em Santos, no litoral de [&hellip;]<\/p>\n","protected":false},"author":2,"featured_media":17728,"comment_status":"open","ping_status":"open","sticky":false,"template":"","format":"standard","meta":[],"categories":[10],"tags":[],"_links":{"self":[{"href":"https:\/\/dgospel.com.br\/portal\/index.php\/wp-json\/wp\/v2\/posts\/17727"}],"collection":[{"href":"https:\/\/dgospel.com.br\/portal\/index.php\/wp-json\/wp\/v2\/posts"}],"about":[{"href":"https:\/\/dgospel.com.br\/portal\/index.php\/wp-json\/wp\/v2\/types\/post"}],"author":[{"embeddable":true,"href":"https:\/\/dgospel.com.br\/portal\/index.php\/wp-json\/wp\/v2\/users\/2"}],"replies":[{"embeddable":true,"href":"https:\/\/dgospel.com.br\/portal\/index.php\/wp-json\/wp\/v2\/comments?post=17727"}],"version-history":[{"count":1,"href":"https:\/\/dgospel.com.br\/portal\/index.php\/wp-json\/wp\/v2\/posts\/17727\/revisions"}],"predecessor-version":[{"id":17729,"href":"https:\/\/dgospel.com.br\/portal\/index.php\/wp-json\/wp\/v2\/posts\/17727\/revisions\/17729"}],"wp:featuredmedia":[{"embeddable":true,"href":"https:\/\/dgospel.com.br\/portal\/index.php\/wp-json\/wp\/v2\/media\/17728"}],"wp:attachment":[{"href":"https:\/\/dgospel.com.br\/portal\/index.php\/wp-json\/wp\/v2\/media?parent=17727"}],"wp:term":[{"taxonomy":"category","embeddable":true,"href":"https:\/\/dgospel.com.br\/portal\/index.php\/wp-json\/wp\/v2\/categories?post=17727"},{"taxonomy":"post_tag","embeddable":true,"href":"https:\/\/dgospel.com.br\/portal\/index.php\/wp-json\/wp\/v2\/tags?post=17727"}],"curies":[{"name":"wp","href":"https:\/\/api.w.org\/{rel}","templated":true}]}}