{"id":17730,"date":"2023-11-17T13:15:29","date_gmt":"2023-11-17T16:15:29","guid":{"rendered":"http:\/\/dgospel.com.br\/portal\/?p=17730"},"modified":"2023-11-17T13:15:30","modified_gmt":"2023-11-17T16:15:30","slug":"bancada-evangelica-e-grupo-parlamentar-brasil-israe-repudiam-fala-de-lula-comparando-israel-aos-terroristas-do-hama","status":"publish","type":"post","link":"https:\/\/dgospel.com.br\/portal\/index.php\/2023\/11\/17\/bancada-evangelica-e-grupo-parlamentar-brasil-israe-repudiam-fala-de-lula-comparando-israel-aos-terroristas-do-hama\/","title":{"rendered":"Bancada Evang\u00e9lica e  Grupo Parlamentar Brasil-Israe repudiam fala de Lula comparando Israel aos terroristas do Hama"},"content":{"rendered":"\n<p>A Frente Parlamentar Evang\u00e9lica e o Grupo Parlamentar Brasil-Israel emitiram uma nota conjunta em rep\u00fadio \u00e0 fala do presidente Luiz In\u00e1cio Lula da Silva (PT) que comparou Israel aos terroristas do Hamas.<\/p>\n\n\n\n<p>A nota se refere \u00e0 declara\u00e7\u00e3o dada pelo petista na \u00faltima segunda-feira (13), quando ele recebeu um grupo de brasileiros repatriados de Gaza. Na ocasi\u00e3o, Lula disse que as a\u00e7\u00f5es de Israel s\u00e3o t\u00e3o graves quanto as do Hamas.<\/p>\n\n\n\n<p>\u2013 Nessa guerra, depois do ato provocado, e eu digo ato de terrorismo do Hamas, as consequ\u00eancias, as solu\u00e7\u00f5es de Israel s\u00e3o t\u00e3o graves quanto foram as do Hamas, porque eles est\u00e3o matando inocentes sem crit\u00e9rio nenhum. Joga bomba onde tem crian\u00e7a, onde tem hospital, a pretexto de que um terrorista est\u00e1 l\u00e1. N\u00e3o tem explica\u00e7\u00e3o \u2013 disse o presidente brasileiro.<\/p>\n\n\n\n<p>Na nota, os grupos pol\u00edticos dizem que Lula \u201cdeveria agradecer aos israelenses que alertaram a Pol\u00edcia Federal sobre os poss\u00edveis atentados terroristas do Hezbollah no Brasil\u201d, pois o ato, se concretizado, mataria muitos inocentes no pa\u00eds.<\/p>\n\n\n\n<p>E continua:<\/p>\n\n\n\n<p>\u2013 O Brasil de forma oficial deveria criticar e exigir o fim do financiamento ao terrorismo mantido pela Rep\u00fablica Isl\u00e2mica do Ir\u00e3 aos grupos do Hamas e Hezbollah. \u00c9 bom lembrar ao presidente Lula que o Ir\u00e3 se tornou recentemente membro dos Brics por influ\u00eancia do Brasil.<\/p>\n\n\n\n<p>Em outra parte, as frentes criticam o Minist\u00e9rio das Rela\u00e7\u00f5es Exteriores que orienta Lula nas quest\u00f5es exteriores e \u201ccada vez mais leva o Brasil a se apequenar no cen\u00e1rio mundial\u201d.<\/p>\n\n\n\n<p><strong>LEIA NA \u00cdNTEGRA:<\/strong><br><img src=\"https:\/\/static.cdn.pleno.news\/2023\/11\/399614692_18080182459408440_1562723972538918170_n-821x1024.jpg\" alt=\"\" srcset=\"https:\/\/static.cdn.pleno.news\/2023\/11\/399614692_18080182459408440_1562723972538918170_n-821x1024.jpg 821w, https:\/\/static.cdn.pleno.news\/2023\/11\/399614692_18080182459408440_1562723972538918170_n-241x300.jpg 241w, https:\/\/static.cdn.pleno.news\/2023\/11\/399614692_18080182459408440_1562723972538918170_n-768x958.jpg 768w, https:\/\/static.cdn.pleno.news\/2023\/11\/399614692_18080182459408440_1562723972538918170_n-120x150.jpg 120w, https:\/\/static.cdn.pleno.news\/2023\/11\/399614692_18080182459408440_1562723972538918170_n-200x250.jpg 200w, https:\/\/static.cdn.pleno.news\/2023\/11\/399614692_18080182459408440_1562723972538918170_n-12x15.jpg 12w, https:\/\/static.cdn.pleno.news\/2023\/11\/399614692_18080182459408440_1562723972538918170_n.jpg 1080w\"><\/p>\n","protected":false},"excerpt":{"rendered":"<p>A Frente Parlamentar Evang\u00e9lica e o Grupo Parlamentar Brasil-Israel emitiram uma nota conjunta em rep\u00fadio \u00e0 fala do presidente Luiz In\u00e1cio Lula da Silva (PT) que comparou Israel aos terroristas do Hamas. A nota se refere \u00e0 declara\u00e7\u00e3o dada pelo petista na \u00faltima segunda-feira (13), quando ele recebeu um grupo de brasileiros repatriados de Gaza. [&hellip;]<\/p>\n","protected":false},"author":2,"featured_media":17731,"comment_status":"open","ping_status":"open","sticky":false,"template":"","format":"standard","meta":[],"categories":[4],"tags":[],"_links":{"self":[{"href":"https:\/\/dgospel.com.br\/portal\/index.php\/wp-json\/wp\/v2\/posts\/17730"}],"collection":[{"href":"https:\/\/dgospel.com.br\/portal\/index.php\/wp-json\/wp\/v2\/posts"}],"about":[{"href":"https:\/\/dgospel.com.br\/portal\/index.php\/wp-json\/wp\/v2\/types\/post"}],"author":[{"embeddable":true,"href":"https:\/\/dgospel.com.br\/portal\/index.php\/wp-json\/wp\/v2\/users\/2"}],"replies":[{"embeddable":true,"href":"https:\/\/dgospel.com.br\/portal\/index.php\/wp-json\/wp\/v2\/comments?post=17730"}],"version-history":[{"count":1,"href":"https:\/\/dgospel.com.br\/portal\/index.php\/wp-json\/wp\/v2\/posts\/17730\/revisions"}],"predecessor-version":[{"id":17732,"href":"https:\/\/dgospel.com.br\/portal\/index.php\/wp-json\/wp\/v2\/posts\/17730\/revisions\/17732"}],"wp:featuredmedia":[{"embeddable":true,"href":"https:\/\/dgospel.com.br\/portal\/index.php\/wp-json\/wp\/v2\/media\/17731"}],"wp:attachment":[{"href":"https:\/\/dgospel.com.br\/portal\/index.php\/wp-json\/wp\/v2\/media?parent=17730"}],"wp:term":[{"taxonomy":"category","embeddable":true,"href":"https:\/\/dgospel.com.br\/portal\/index.php\/wp-json\/wp\/v2\/categories?post=17730"},{"taxonomy":"post_tag","embeddable":true,"href":"https:\/\/dgospel.com.br\/portal\/index.php\/wp-json\/wp\/v2\/tags?post=17730"}],"curies":[{"name":"wp","href":"https:\/\/api.w.org\/{rel}","templated":true}]}}