{"id":17733,"date":"2023-11-17T15:47:46","date_gmt":"2023-11-17T18:47:46","guid":{"rendered":"http:\/\/dgospel.com.br\/portal\/?p=17733"},"modified":"2023-11-17T15:47:48","modified_gmt":"2023-11-17T18:47:48","slug":"eli-soares-e-o-vencedor-do-grammy-latino-como-melhor-album-cristao-em-lingua-portuguesa","status":"publish","type":"post","link":"https:\/\/dgospel.com.br\/portal\/index.php\/2023\/11\/17\/eli-soares-e-o-vencedor-do-grammy-latino-como-melhor-album-cristao-em-lingua-portuguesa\/","title":{"rendered":"Eli Soares \u00e9 o vencedor do Grammy Latino como Melhor \u00c1lbum Crist\u00e3o em L\u00edngua Portuguesa"},"content":{"rendered":"\n<p>O cantor Eli Soares foi o grande vencedor do 23\u00ba Grammy Latino premiado nesta quinta-feira (16) em um grande evento realizado em Sevilha, na Espanha. Esta foi a primeira edi\u00e7\u00e3o feita fora dos Estados Unidos.<\/p>\n\n\n\n<p>Com o \u00e1lbum\u00a0<em>N\u00f3s<\/em>, o artista conseguiu vencer outros cantores brasileiros indicados ao pr\u00eamio de Melhor \u00c1lbum Crist\u00e3o em L\u00edngua Portuguesa: Aline Barros (<em>30 Anos Volume 1<\/em>), Casa Worship (<em>Novo Tempo<\/em>), Fernandinho (<em>\u00danico<\/em>) e Preto no Branco (<em>Preto no Branco Vertical<\/em>).<\/p>\n\n\n\n<p>Eli Soares n\u00e3o p\u00f4de estar na premia\u00e7\u00e3o e foi representado pelo pastor Marquinhos e Breno. Pelas redes sociais, o cantor falou da emo\u00e7\u00e3o de ter sido escolhido.<\/p>\n\n\n\n<p>\u2013 Deus mostrando mais uma vez que \u00e9 especialista em surpreender. S\u00f3 Ele sabe o quanto estou surpreso com essa not\u00edcia! Gratid\u00e3o imensa a todos os meus amigos e equipe que esteve em cada etapa desse projeto. Obrigado gravadora, obrigado minha equipe, obrigado fam\u00edlia e principalmente a voc\u00eas que ouviram e ouvem cada can\u00e7\u00e3o do \u00e1lbum N\u00f3s \u2013 escreveu.<\/p>\n\n\n\n<p>Este \u00e9 o segundo ano consecutivo que Eli Soares sai como ganhador do Grammy Latino. Em 2022, o artista venceu com o \u00e1lbum&nbsp;<em>Laborat\u00f3rio do Groove<\/em>.<\/p>\n\n\n\n<p><strong>Assista:<\/strong><\/p>\n\n\n\n<p><a href=\"https:\/\/www.instagram.com\/reel\/CzuHBlXCnsk\/?utm_source=ig_embed&amp;ig_rid=0c298299-22b0-4729-b242-d9dfb2ce634e\">https:\/\/www.instagram.com\/reel\/CzuHBlXCnsk\/?utm_source=ig_embed&amp;ig_rid=0c298299-22b0-4729-b242-d9dfb2ce634e<\/a><\/p>\n","protected":false},"excerpt":{"rendered":"<p>O cantor Eli Soares foi o grande vencedor do 23\u00ba Grammy Latino premiado nesta quinta-feira (16) em um grande evento realizado em Sevilha, na Espanha. Esta foi a primeira edi\u00e7\u00e3o feita fora dos Estados Unidos. Com o \u00e1lbum\u00a0N\u00f3s, o artista conseguiu vencer outros cantores brasileiros indicados ao pr\u00eamio de Melhor \u00c1lbum Crist\u00e3o em L\u00edngua Portuguesa: [&hellip;]<\/p>\n","protected":false},"author":2,"featured_media":17734,"comment_status":"open","ping_status":"open","sticky":false,"template":"","format":"standard","meta":[],"categories":[5],"tags":[],"_links":{"self":[{"href":"https:\/\/dgospel.com.br\/portal\/index.php\/wp-json\/wp\/v2\/posts\/17733"}],"collection":[{"href":"https:\/\/dgospel.com.br\/portal\/index.php\/wp-json\/wp\/v2\/posts"}],"about":[{"href":"https:\/\/dgospel.com.br\/portal\/index.php\/wp-json\/wp\/v2\/types\/post"}],"author":[{"embeddable":true,"href":"https:\/\/dgospel.com.br\/portal\/index.php\/wp-json\/wp\/v2\/users\/2"}],"replies":[{"embeddable":true,"href":"https:\/\/dgospel.com.br\/portal\/index.php\/wp-json\/wp\/v2\/comments?post=17733"}],"version-history":[{"count":1,"href":"https:\/\/dgospel.com.br\/portal\/index.php\/wp-json\/wp\/v2\/posts\/17733\/revisions"}],"predecessor-version":[{"id":17735,"href":"https:\/\/dgospel.com.br\/portal\/index.php\/wp-json\/wp\/v2\/posts\/17733\/revisions\/17735"}],"wp:featuredmedia":[{"embeddable":true,"href":"https:\/\/dgospel.com.br\/portal\/index.php\/wp-json\/wp\/v2\/media\/17734"}],"wp:attachment":[{"href":"https:\/\/dgospel.com.br\/portal\/index.php\/wp-json\/wp\/v2\/media?parent=17733"}],"wp:term":[{"taxonomy":"category","embeddable":true,"href":"https:\/\/dgospel.com.br\/portal\/index.php\/wp-json\/wp\/v2\/categories?post=17733"},{"taxonomy":"post_tag","embeddable":true,"href":"https:\/\/dgospel.com.br\/portal\/index.php\/wp-json\/wp\/v2\/tags?post=17733"}],"curies":[{"name":"wp","href":"https:\/\/api.w.org\/{rel}","templated":true}]}}