{"id":17739,"date":"2023-11-17T16:13:36","date_gmt":"2023-11-17T19:13:36","guid":{"rendered":"http:\/\/dgospel.com.br\/portal\/?p=17739"},"modified":"2023-11-17T16:13:37","modified_gmt":"2023-11-17T19:13:37","slug":"nikolas-ferreira-discursa-na-onu-em-defesa-da-vida-e-da-familia","status":"publish","type":"post","link":"https:\/\/dgospel.com.br\/portal\/index.php\/2023\/11\/17\/nikolas-ferreira-discursa-na-onu-em-defesa-da-vida-e-da-familia\/","title":{"rendered":"Nikolas Ferreira discursa na ONU em defesa da vida e da fam\u00edlia"},"content":{"rendered":"\n<p>O deputado federal Nikolas Ferreira (PL-MG) esteve nesta sexta-feira (17) na reuni\u00e3o da ONU, em Nova Iorque, Estados Unidos, para participar do 75\u00ba Anivers\u00e1rio da Declara\u00e7\u00e3o Universal dos Direitos Humanos. O evento celebra a preserva\u00e7\u00e3o da vida desde a sua concep\u00e7\u00e3o e a fam\u00edlia como o n\u00facleo das sociedades em todo o mundo.<\/p>\n\n\n\n<p>Em seu discurso, o parlamentar mineiro falou sobre como a esquerda pol\u00edtica visa destruir pontos importantes para a sociedade ocidental e que o primeiro passo para alcan\u00e7ar o objetivo, que \u00e9 destruir as fam\u00edlias, seria destruir a realidade.<\/p>\n\n\n\n<p>\u2013 Primeiro, se destr\u00f3i o sentido da realidade, se n\u00e3o h\u00e1 mais mau e bom, tudo passa a ser relativo. Para que dizer que existem os homens ou as mulheres, acaso n\u00e3o \u00e9 um conceito concreto? Ent\u00e3o, esse conceito tem que ser abolido e a segunda etapa \u00e9 a destrui\u00e7\u00e3o da identidade. Se voc\u00ea n\u00e3o \u00e9 nada, voc\u00ea pode ser tudo \u2013 declarou.<\/p>\n\n\n\n<p>Nikolas destacou que os jovens se perderam em quem s\u00e3o e no quanto a falta de identidade faz parte de uma agenda pol\u00edtica na qual uma bact\u00e9ria em Marte \u00e9 uma vida, mas um beb\u00ea de 12 semanas \u00e9 s\u00f3 um amontoado de c\u00e9lulas.<\/p>\n\n\n\n<p>Assim, o deputado brasileiro se comprometeu a defender a vida desde a concep\u00e7\u00e3o e celebrou a Declara\u00e7\u00e3o Universal dos Direitos Humanos que reconhece isso.<\/p>\n\n\n\n<p>Em outra parte de seu discurso, Nikolas defendeu uma Educa\u00e7\u00e3o que ensine sem doutrinar, e tamb\u00e9m artistas e outros profissionais que possam, de fato, mudar a sociedade com suas influ\u00eancias.<\/p>\n","protected":false},"excerpt":{"rendered":"<p>O deputado federal Nikolas Ferreira (PL-MG) esteve nesta sexta-feira (17) na reuni\u00e3o da ONU, em Nova Iorque, Estados Unidos, para participar do 75\u00ba Anivers\u00e1rio da Declara\u00e7\u00e3o Universal dos Direitos Humanos. O evento celebra a preserva\u00e7\u00e3o da vida desde a sua concep\u00e7\u00e3o e a fam\u00edlia como o n\u00facleo das sociedades em todo o mundo. Em seu [&hellip;]<\/p>\n","protected":false},"author":2,"featured_media":17740,"comment_status":"open","ping_status":"open","sticky":false,"template":"","format":"standard","meta":[],"categories":[8],"tags":[],"_links":{"self":[{"href":"https:\/\/dgospel.com.br\/portal\/index.php\/wp-json\/wp\/v2\/posts\/17739"}],"collection":[{"href":"https:\/\/dgospel.com.br\/portal\/index.php\/wp-json\/wp\/v2\/posts"}],"about":[{"href":"https:\/\/dgospel.com.br\/portal\/index.php\/wp-json\/wp\/v2\/types\/post"}],"author":[{"embeddable":true,"href":"https:\/\/dgospel.com.br\/portal\/index.php\/wp-json\/wp\/v2\/users\/2"}],"replies":[{"embeddable":true,"href":"https:\/\/dgospel.com.br\/portal\/index.php\/wp-json\/wp\/v2\/comments?post=17739"}],"version-history":[{"count":1,"href":"https:\/\/dgospel.com.br\/portal\/index.php\/wp-json\/wp\/v2\/posts\/17739\/revisions"}],"predecessor-version":[{"id":17741,"href":"https:\/\/dgospel.com.br\/portal\/index.php\/wp-json\/wp\/v2\/posts\/17739\/revisions\/17741"}],"wp:featuredmedia":[{"embeddable":true,"href":"https:\/\/dgospel.com.br\/portal\/index.php\/wp-json\/wp\/v2\/media\/17740"}],"wp:attachment":[{"href":"https:\/\/dgospel.com.br\/portal\/index.php\/wp-json\/wp\/v2\/media?parent=17739"}],"wp:term":[{"taxonomy":"category","embeddable":true,"href":"https:\/\/dgospel.com.br\/portal\/index.php\/wp-json\/wp\/v2\/categories?post=17739"},{"taxonomy":"post_tag","embeddable":true,"href":"https:\/\/dgospel.com.br\/portal\/index.php\/wp-json\/wp\/v2\/tags?post=17739"}],"curies":[{"name":"wp","href":"https:\/\/api.w.org\/{rel}","templated":true}]}}