{"id":17747,"date":"2023-11-20T09:52:58","date_gmt":"2023-11-20T12:52:58","guid":{"rendered":"http:\/\/dgospel.com.br\/portal\/?p=17747"},"modified":"2023-11-20T09:52:59","modified_gmt":"2023-11-20T12:52:59","slug":"javier-milei-e-eleito-presidente-da-argentina","status":"publish","type":"post","link":"https:\/\/dgospel.com.br\/portal\/index.php\/2023\/11\/20\/javier-milei-e-eleito-presidente-da-argentina\/","title":{"rendered":"Javier Milei \u00e9 eleito presidente da argentina"},"content":{"rendered":"\n<p>Ap\u00f3s um embate acirrado no segundo turno das elei\u00e7\u00f5es argentinas, Javier Gerardo Milei, de 53 anos e deputado em seu primeiro mandato, emerge como o presidente eleito da Argentina. Representando o partido A Liberdade Avan\u00e7a, Milei derrotou seu oponente peronista e kirchnerista, o atual ministro da Economia Sergio Massa.<\/p>\n\n\n\n<p>A vit\u00f3ria de Milei foi anunciada pelo pr\u00f3prio Massa, que, mesmo sem resultados oficiais, reconheceu a derrota e revelou ter se comunicado com o candidato liberal. \u201cN\u00e3o era o resultado que esper\u00e1vamos\u201d, admitiu o peronista em seu discurso.<\/p>\n\n\n\n<p>O presidente eleito celebrou a conquista ap\u00f3s uma intensa campanha, destacando o desafio de enfrentar advers\u00e1rios al\u00e9m de Massa, incluindo difama\u00e7\u00e3o na m\u00eddia. \u201cFizemos um trabalho enorme, apesar da campanha da m\u00eddia e de toda a campanha suja que nos fizeram\u201d, afirmou Milei.<\/p>\n\n\n\n<p>Encerrando o primeiro turno na segunda posi\u00e7\u00e3o, com 29% dos votos, Milei reverteu a situa\u00e7\u00e3o, superando Massa, que liderou com 36%. Com a vit\u00f3ria, Milei assumir\u00e1 a presid\u00eancia da Argentina em dezembro, tendo Victoria Villarruel, sua companheira de chapa, como vice-presidente eleita.<\/p>\n\n\n\n<p>Aos 48 anos, Victoria, advogada e estreante como deputada, tamb\u00e9m ocupar\u00e1 a posi\u00e7\u00e3o de presidente do Senado no sistema eleitoral argentino.<\/p>\n\n\n\n<p>A ascens\u00e3o de Milei representa uma mudan\u00e7a significativa para a pol\u00edtica argentina, j\u00e1 que ele se destaca por suas cr\u00edticas aos \u201cprogressistas\u201d tanto no cen\u00e1rio nacional quanto internacional. Comprometido em romper rela\u00e7\u00f5es comerciais com o Brasil e a China, Milei recentemente rotulou o presidente brasileiro, Luiz In\u00e1cio Lula da Silva, como \u201ccorrupto\u201d e \u201ccomunista\u201d.<\/p>\n\n\n\n<p>Enfrentando desafios significativos, incluindo uma infla\u00e7\u00e3o anual superior a 140% e uma taxa de pobreza afetando cerca de 40% da popula\u00e7\u00e3o, Milei ter\u00e1 a responsabilidade de lidar com os problemas deixados pela gest\u00e3o anterior de orienta\u00e7\u00e3o mais \u00e0 esquerda.<\/p>\n","protected":false},"excerpt":{"rendered":"<p>Ap\u00f3s um embate acirrado no segundo turno das elei\u00e7\u00f5es argentinas, Javier Gerardo Milei, de 53 anos e deputado em seu primeiro mandato, emerge como o presidente eleito da Argentina. Representando o partido A Liberdade Avan\u00e7a, Milei derrotou seu oponente peronista e kirchnerista, o atual ministro da Economia Sergio Massa. A vit\u00f3ria de Milei foi anunciada [&hellip;]<\/p>\n","protected":false},"author":2,"featured_media":17748,"comment_status":"open","ping_status":"open","sticky":false,"template":"","format":"standard","meta":[],"categories":[16],"tags":[13],"_links":{"self":[{"href":"https:\/\/dgospel.com.br\/portal\/index.php\/wp-json\/wp\/v2\/posts\/17747"}],"collection":[{"href":"https:\/\/dgospel.com.br\/portal\/index.php\/wp-json\/wp\/v2\/posts"}],"about":[{"href":"https:\/\/dgospel.com.br\/portal\/index.php\/wp-json\/wp\/v2\/types\/post"}],"author":[{"embeddable":true,"href":"https:\/\/dgospel.com.br\/portal\/index.php\/wp-json\/wp\/v2\/users\/2"}],"replies":[{"embeddable":true,"href":"https:\/\/dgospel.com.br\/portal\/index.php\/wp-json\/wp\/v2\/comments?post=17747"}],"version-history":[{"count":1,"href":"https:\/\/dgospel.com.br\/portal\/index.php\/wp-json\/wp\/v2\/posts\/17747\/revisions"}],"predecessor-version":[{"id":17749,"href":"https:\/\/dgospel.com.br\/portal\/index.php\/wp-json\/wp\/v2\/posts\/17747\/revisions\/17749"}],"wp:featuredmedia":[{"embeddable":true,"href":"https:\/\/dgospel.com.br\/portal\/index.php\/wp-json\/wp\/v2\/media\/17748"}],"wp:attachment":[{"href":"https:\/\/dgospel.com.br\/portal\/index.php\/wp-json\/wp\/v2\/media?parent=17747"}],"wp:term":[{"taxonomy":"category","embeddable":true,"href":"https:\/\/dgospel.com.br\/portal\/index.php\/wp-json\/wp\/v2\/categories?post=17747"},{"taxonomy":"post_tag","embeddable":true,"href":"https:\/\/dgospel.com.br\/portal\/index.php\/wp-json\/wp\/v2\/tags?post=17747"}],"curies":[{"name":"wp","href":"https:\/\/api.w.org\/{rel}","templated":true}]}}