{"id":17750,"date":"2023-11-20T10:10:10","date_gmt":"2023-11-20T13:10:10","guid":{"rendered":"http:\/\/dgospel.com.br\/portal\/?p=17750"},"modified":"2023-11-20T10:10:11","modified_gmt":"2023-11-20T13:10:11","slug":"direita-brasileira-celebra-vitoria-de-javier-milei-na-argentina","status":"publish","type":"post","link":"https:\/\/dgospel.com.br\/portal\/index.php\/2023\/11\/20\/direita-brasileira-celebra-vitoria-de-javier-milei-na-argentina\/","title":{"rendered":"Direita brasileira celebra vit\u00f3ria de Javier Milei na Argentina"},"content":{"rendered":"\n<p>Parlamentares da direita brasileira celebraram a vit\u00f3ria de Javier Milei contra Sergio Massa na elei\u00e7\u00e3o presidencial da Argentina neste domingo (19). O candidato do partido A Liberdade Avan\u00e7a venceu com 56% dos votos, contra 44% do candidato esquerdista.<\/p>\n\n\n\n<p>Um dos primeiros a comentar a not\u00edcia da vit\u00f3ria foi o deputado federal Marcel van Hattem (Novo-RS), que esteve em Buenos Aires em 22 de outubro para acompanhar o primeiro turno da elei\u00e7\u00e3o argentina.<\/p>\n\n\n\n<p>\u2013 Parab\u00e9ns ao povo argentino! Milei presidente \u00e9 nova esperan\u00e7a aos hermanos e a nova esperan\u00e7a para o Brasil! Viva la liberdad! \u2013 escreveu.<\/p>\n\n\n\n<p>O deputado federal Nikolas Ferreira (PL-MG) usou o X, antigo Twitter, para celebrar a vit\u00f3ria da direita no pa\u00eds vizinho.<\/p>\n\n\n\n<p>\u2013 Aprende, Brasil. Parab\u00e9ns Argentina! E chupa essa manga, Janja. \u2013 disse ele se referindo a uma publica\u00e7\u00e3o feita pela primeira-dama brasileira, Janja da Silva, onde a personagem argentina Mafalda, vestida de azul, abra\u00e7a a personagem brasileira M\u00f4nica, vestida de vermelho, celebrando uma poss\u00edvel vit\u00f3ria de Massa.<\/p>\n\n\n\n<p>\u2013 A esquerda destr\u00f3i o pa\u00eds, depois vem um candidato de direita, arruma a bagun\u00e7a, perde as elei\u00e7\u00f5es e a esquerda retorna ao poder com a casa arrumada. Trump, Bolsonaro e agora Milei. Vamos ver se ir\u00e1 acontecer o mesmo com ele \u2013 completou Nikolas em outra publica\u00e7\u00e3o.<\/p>\n\n\n\n<p>As deputadas Carla Zambelli (PL-SP) e Bia Kicis (PL-DF) tamb\u00e9m usaram as redes sociais para parabenizar os argentinos pela escolha.<\/p>\n\n\n\n<p>\u2013 Parab\u00e9ns, povo argentino! Parab\u00e9ns, Javier Milei! A Argentina vive um novo per\u00edodo. Com o reconhecimento da derrota pelo candidato peronista, nossos vizinhos podem enxergar o nascer do sol da liberdade no horizonte. A derrota do Foro de S\u00e3o Paulo nesse importante parceiro comercial e estrat\u00e9gico mostra que a Am\u00e9rica Latina anseia por novos rumos. Apresentei requerimento para que a C\u00e2mara dos Deputados parabenize Milei, democraticamente eleito presidente da Rep\u00fablica Argentina \u2013 escreveu Zambelli no X.<\/p>\n\n\n\n<p>\u2013 Derrota do Foro de S\u00e3o Paulo. Vit\u00f3ria para a direita. O Brasil tentou atrapalhar mas dessa vez n\u00e3o conseguiu. Grande dia! N\u00e3o ser\u00e1 f\u00e1cil com a oposi\u00e7\u00e3o esquerdista que bem conhecemos por isso desejamos sorte, sabedoria e for\u00e7a a Milei \u2013 disse Kicis no microblog.<\/p>\n","protected":false},"excerpt":{"rendered":"<p>Parlamentares da direita brasileira celebraram a vit\u00f3ria de Javier Milei contra Sergio Massa na elei\u00e7\u00e3o presidencial da Argentina neste domingo (19). O candidato do partido A Liberdade Avan\u00e7a venceu com 56% dos votos, contra 44% do candidato esquerdista. Um dos primeiros a comentar a not\u00edcia da vit\u00f3ria foi o deputado federal Marcel van Hattem (Novo-RS), [&hellip;]<\/p>\n","protected":false},"author":2,"featured_media":17751,"comment_status":"open","ping_status":"open","sticky":false,"template":"","format":"standard","meta":[],"categories":[4],"tags":[],"_links":{"self":[{"href":"https:\/\/dgospel.com.br\/portal\/index.php\/wp-json\/wp\/v2\/posts\/17750"}],"collection":[{"href":"https:\/\/dgospel.com.br\/portal\/index.php\/wp-json\/wp\/v2\/posts"}],"about":[{"href":"https:\/\/dgospel.com.br\/portal\/index.php\/wp-json\/wp\/v2\/types\/post"}],"author":[{"embeddable":true,"href":"https:\/\/dgospel.com.br\/portal\/index.php\/wp-json\/wp\/v2\/users\/2"}],"replies":[{"embeddable":true,"href":"https:\/\/dgospel.com.br\/portal\/index.php\/wp-json\/wp\/v2\/comments?post=17750"}],"version-history":[{"count":1,"href":"https:\/\/dgospel.com.br\/portal\/index.php\/wp-json\/wp\/v2\/posts\/17750\/revisions"}],"predecessor-version":[{"id":17752,"href":"https:\/\/dgospel.com.br\/portal\/index.php\/wp-json\/wp\/v2\/posts\/17750\/revisions\/17752"}],"wp:featuredmedia":[{"embeddable":true,"href":"https:\/\/dgospel.com.br\/portal\/index.php\/wp-json\/wp\/v2\/media\/17751"}],"wp:attachment":[{"href":"https:\/\/dgospel.com.br\/portal\/index.php\/wp-json\/wp\/v2\/media?parent=17750"}],"wp:term":[{"taxonomy":"category","embeddable":true,"href":"https:\/\/dgospel.com.br\/portal\/index.php\/wp-json\/wp\/v2\/categories?post=17750"},{"taxonomy":"post_tag","embeddable":true,"href":"https:\/\/dgospel.com.br\/portal\/index.php\/wp-json\/wp\/v2\/tags?post=17750"}],"curies":[{"name":"wp","href":"https:\/\/api.w.org\/{rel}","templated":true}]}}