{"id":17753,"date":"2023-11-20T10:14:23","date_gmt":"2023-11-20T13:14:23","guid":{"rendered":"http:\/\/dgospel.com.br\/portal\/?p=17753"},"modified":"2023-11-20T10:14:24","modified_gmt":"2023-11-20T13:14:24","slug":"honestidade-progresso-e-liberdade-bolsonaro-parabeniza-o-povo-argentino-e-milei-pela-vitoria","status":"publish","type":"post","link":"https:\/\/dgospel.com.br\/portal\/index.php\/2023\/11\/20\/honestidade-progresso-e-liberdade-bolsonaro-parabeniza-o-povo-argentino-e-milei-pela-vitoria\/","title":{"rendered":"\u201cHonestidade, progresso e liberdade\u201d, Bolsonaro parabeniza o povo argentino e Milei pela vit\u00f3ria"},"content":{"rendered":"\n<p>A elei\u00e7\u00e3o de Javier Milei como presidente da Argentina foi celebrada pelo ex-presidente brasileiro Jair Bolsonaro, que enxerga na mudan\u00e7a de comando da Casa Rosada a promessa de transforma\u00e7\u00f5es positivas na regi\u00e3o.<\/p>\n\n\n\n<p>Bolsonaro expressou otimismo em rela\u00e7\u00e3o ao futuro da Am\u00e9rica do Sul, afirmando que a vit\u00f3ria de Milei representa um sinal de esperan\u00e7a. \u201cA esperan\u00e7a volta a brilhar na Am\u00e9rica do Sul\u201d, declarou Bolsonaro, parabenizando o povo argentino pela escolha de Milei. O ex-presidente acredita que esse sucesso pode inspirar outros l\u00edderes de direita em diferentes pa\u00edses, incluindo o Brasil e os Estados Unidos.<\/p>\n\n\n\n<p>\u201cQue esses bons ventos alcancem os Estados Unidos e o Brasil. Para que a honestidade, o progresso e a liberdade voltem para todos n\u00f3s\u201d, destacou Bolsonaro em uma publica\u00e7\u00e3o no Twitter\/X.<\/p>\n\n\n\n<p>O alinhamento entre Bolsonaro e Milei ficou evidente durante a reta final da campanha para o segundo turno na Argentina. O presidente eleito compartilhou um v\u00eddeo do pol\u00edtico brasileiro, ressaltando o apoio recebido. Milei destacou o pedido de Bolsonaro, expressando a esperan\u00e7a de que Deus iluminasse os eleitores e que Milei se tornasse presidente da Argentina.<\/p>\n\n\n\n<p>O desejo de Bolsonaro se concretizou com a vit\u00f3ria de Milei, que obteve mais de 55% dos votos, de acordo com os resultados finais da apura\u00e7\u00e3o. O candidato derrotado, Sergio Massa, teve uma prefer\u00eancia de 44,23%. O triunfo de Milei \u00e9 visto como um marco e uma poss\u00edvel inspira\u00e7\u00e3o para o avan\u00e7o de l\u00edderes pol\u00edticos alinhados com a direita na regi\u00e3o.<\/p>\n\n\n\n<p><\/p>\n\n\n\n<figure class=\"wp-block-image size-large\"><img loading=\"lazy\" width=\"870\" height=\"1024\" src=\"http:\/\/dgospel.com.br\/portal\/wp-content\/uploads\/2023\/11\/0-8-870x1024.jpg\" alt=\"\" class=\"wp-image-17754\" srcset=\"https:\/\/dgospel.com.br\/portal\/wp-content\/uploads\/2023\/11\/0-8-870x1024.jpg 870w, https:\/\/dgospel.com.br\/portal\/wp-content\/uploads\/2023\/11\/0-8-255x300.jpg 255w, https:\/\/dgospel.com.br\/portal\/wp-content\/uploads\/2023\/11\/0-8-768x904.jpg 768w, https:\/\/dgospel.com.br\/portal\/wp-content\/uploads\/2023\/11\/0-8.jpg 1080w\" sizes=\"(max-width: 870px) 100vw, 870px\" \/><\/figure>\n","protected":false},"excerpt":{"rendered":"<p>A elei\u00e7\u00e3o de Javier Milei como presidente da Argentina foi celebrada pelo ex-presidente brasileiro Jair Bolsonaro, que enxerga na mudan\u00e7a de comando da Casa Rosada a promessa de transforma\u00e7\u00f5es positivas na regi\u00e3o. Bolsonaro expressou otimismo em rela\u00e7\u00e3o ao futuro da Am\u00e9rica do Sul, afirmando que a vit\u00f3ria de Milei representa um sinal de esperan\u00e7a. \u201cA [&hellip;]<\/p>\n","protected":false},"author":2,"featured_media":17755,"comment_status":"open","ping_status":"open","sticky":false,"template":"","format":"standard","meta":[],"categories":[4],"tags":[],"_links":{"self":[{"href":"https:\/\/dgospel.com.br\/portal\/index.php\/wp-json\/wp\/v2\/posts\/17753"}],"collection":[{"href":"https:\/\/dgospel.com.br\/portal\/index.php\/wp-json\/wp\/v2\/posts"}],"about":[{"href":"https:\/\/dgospel.com.br\/portal\/index.php\/wp-json\/wp\/v2\/types\/post"}],"author":[{"embeddable":true,"href":"https:\/\/dgospel.com.br\/portal\/index.php\/wp-json\/wp\/v2\/users\/2"}],"replies":[{"embeddable":true,"href":"https:\/\/dgospel.com.br\/portal\/index.php\/wp-json\/wp\/v2\/comments?post=17753"}],"version-history":[{"count":1,"href":"https:\/\/dgospel.com.br\/portal\/index.php\/wp-json\/wp\/v2\/posts\/17753\/revisions"}],"predecessor-version":[{"id":17756,"href":"https:\/\/dgospel.com.br\/portal\/index.php\/wp-json\/wp\/v2\/posts\/17753\/revisions\/17756"}],"wp:featuredmedia":[{"embeddable":true,"href":"https:\/\/dgospel.com.br\/portal\/index.php\/wp-json\/wp\/v2\/media\/17755"}],"wp:attachment":[{"href":"https:\/\/dgospel.com.br\/portal\/index.php\/wp-json\/wp\/v2\/media?parent=17753"}],"wp:term":[{"taxonomy":"category","embeddable":true,"href":"https:\/\/dgospel.com.br\/portal\/index.php\/wp-json\/wp\/v2\/categories?post=17753"},{"taxonomy":"post_tag","embeddable":true,"href":"https:\/\/dgospel.com.br\/portal\/index.php\/wp-json\/wp\/v2\/tags?post=17753"}],"curies":[{"name":"wp","href":"https:\/\/api.w.org\/{rel}","templated":true}]}}