{"id":17763,"date":"2023-11-21T18:40:15","date_gmt":"2023-11-21T21:40:15","guid":{"rendered":"http:\/\/dgospel.com.br\/portal\/?p=17763"},"modified":"2023-11-21T18:40:15","modified_gmt":"2023-11-21T21:40:15","slug":"projeto-de-lei-do-deputado-gipao-propoe-auxilio-para-deficientes-em-estabelecimentos-comerciais-no-estado","status":"publish","type":"post","link":"https:\/\/dgospel.com.br\/portal\/index.php\/2023\/11\/21\/projeto-de-lei-do-deputado-gipao-propoe-auxilio-para-deficientes-em-estabelecimentos-comerciais-no-estado\/","title":{"rendered":"Projeto de Lei do deputado Gip\u00e3o prop\u00f5e aux\u00edlio para deficientes em estabelecimentos comerciais no estado"},"content":{"rendered":"\n<p>O deputado estadual Gip\u00e3o tem feito um mandato interativo com a popula\u00e7\u00e3o e vem se destacando com um trabalho voltado para a inclus\u00e3o das pessoas com defici\u00eancia. Seu novo Projeto de Lei foi apresentado na Assembleia Legislativa, propondo aux\u00edlio \u00e0s pessoas com defici\u00eancia ou mobilidade reduzida nos estabelecimentos comerciais no Tocantins.<\/p>\n\n\n\n<p>De acordo com o Projeto, o aux\u00edlio compreende: conduzir a pessoa com defici\u00eancia ou mobilidade reduzida no interior do estabelecimento; indicar a localiza\u00e7\u00e3o do objeto desejado; conduzir o carrinho de compras; ler as informa\u00e7\u00f5es referentes a produtos tais como pre\u00e7o, ofertas, data de validade, especifica\u00e7\u00f5es e o que mais se fizer necess\u00e1rio.<\/p>\n\n\n\n<p>Os portadores de defici\u00eancia ou mobilidade solicitar\u00e3o o apoio no balc\u00e3o de informa\u00e7\u00f5es. N\u00e3o havendo, a solicita\u00e7\u00e3o pode ser dirigida a qualquer funcion\u00e1rio do estabelecimento comercial.<br>Caso a proposta seja aprovada, estariam obrigados a cumprir as determina\u00e7\u00f5es desta lei todos os hipermercados, supermercados, micromercados, varej\u00f5es e estabelecimentos comerciais e cong\u00eaneres, devendo disponibilizar, durante o hor\u00e1rio regular de funcionamento, funcion\u00e1rios para, em caso de necessidade, auxiliarem pessoas com defici\u00eancia que estejam no estabelecimento a fim de realizar compras.<\/p>\n\n\n\n<p>Atua\u00e7\u00e3o Parlamentar<br>Gip\u00e3o \u00e9 autor de outro projeto que beneficia diretamente portadores de defici\u00eancia. O parlamentar no primeiro semestre de seu mandato apresentou a proposta para aumentar o valor de isen\u00e7\u00e3o do ICMS sobre ve\u00edculos para pessoas com defici\u00eancia no Tocantins, de R$70,000,00 para R$110,000,00.<\/p>\n","protected":false},"excerpt":{"rendered":"<p>O deputado estadual Gip\u00e3o tem feito um mandato interativo com a popula\u00e7\u00e3o e vem se destacando com um trabalho voltado para a inclus\u00e3o das pessoas com defici\u00eancia. Seu novo Projeto de Lei foi apresentado na Assembleia Legislativa, propondo aux\u00edlio \u00e0s pessoas com defici\u00eancia ou mobilidade reduzida nos estabelecimentos comerciais no Tocantins. De acordo com o [&hellip;]<\/p>\n","protected":false},"author":2,"featured_media":17764,"comment_status":"open","ping_status":"open","sticky":false,"template":"","format":"standard","meta":[],"categories":[8],"tags":[],"_links":{"self":[{"href":"https:\/\/dgospel.com.br\/portal\/index.php\/wp-json\/wp\/v2\/posts\/17763"}],"collection":[{"href":"https:\/\/dgospel.com.br\/portal\/index.php\/wp-json\/wp\/v2\/posts"}],"about":[{"href":"https:\/\/dgospel.com.br\/portal\/index.php\/wp-json\/wp\/v2\/types\/post"}],"author":[{"embeddable":true,"href":"https:\/\/dgospel.com.br\/portal\/index.php\/wp-json\/wp\/v2\/users\/2"}],"replies":[{"embeddable":true,"href":"https:\/\/dgospel.com.br\/portal\/index.php\/wp-json\/wp\/v2\/comments?post=17763"}],"version-history":[{"count":1,"href":"https:\/\/dgospel.com.br\/portal\/index.php\/wp-json\/wp\/v2\/posts\/17763\/revisions"}],"predecessor-version":[{"id":17765,"href":"https:\/\/dgospel.com.br\/portal\/index.php\/wp-json\/wp\/v2\/posts\/17763\/revisions\/17765"}],"wp:featuredmedia":[{"embeddable":true,"href":"https:\/\/dgospel.com.br\/portal\/index.php\/wp-json\/wp\/v2\/media\/17764"}],"wp:attachment":[{"href":"https:\/\/dgospel.com.br\/portal\/index.php\/wp-json\/wp\/v2\/media?parent=17763"}],"wp:term":[{"taxonomy":"category","embeddable":true,"href":"https:\/\/dgospel.com.br\/portal\/index.php\/wp-json\/wp\/v2\/categories?post=17763"},{"taxonomy":"post_tag","embeddable":true,"href":"https:\/\/dgospel.com.br\/portal\/index.php\/wp-json\/wp\/v2\/tags?post=17763"}],"curies":[{"name":"wp","href":"https:\/\/api.w.org\/{rel}","templated":true}]}}