{"id":17766,"date":"2023-11-22T08:41:34","date_gmt":"2023-11-22T11:41:34","guid":{"rendered":"http:\/\/dgospel.com.br\/portal\/?p=17766"},"modified":"2023-11-22T08:41:36","modified_gmt":"2023-11-22T11:41:36","slug":"secretario-da-governadoria-osires-damaso-reune-se-com-deputados-na-busca-de-estreitar-relacionamento-entre-poderes","status":"publish","type":"post","link":"https:\/\/dgospel.com.br\/portal\/index.php\/2023\/11\/22\/secretario-da-governadoria-osires-damaso-reune-se-com-deputados-na-busca-de-estreitar-relacionamento-entre-poderes\/","title":{"rendered":"Secret\u00e1rio da Governadoria, Osires Damaso, re\u00fane-se com deputados na busca de estreitar relacionamento entre poderes"},"content":{"rendered":"\n<p>O secret\u00e1rio-executivo da Governadoria, Osires Damaso, realizou, na manh\u00e3 desta ter\u00e7a-feira, 21, uma visita institucional aos parlamentares na Assembleia Legislativa do Tocantins (Aleto) com o objetivo de refor\u00e7ar a rela\u00e7\u00e3o entre o Poder Legislativo e o Poder Executivo. Estiveram presentes no encontro o presidente da Aleto, Am\u00e9lio Cayres; e os deputados estaduais Janad Valcari, Moisemar Marinho, Vanda Monteiro, Vilmar de Oliveira, Gutierres Torquato, Luciano Oliveira, Marcus Marcelo, Leo Barbosa, Fabion Gomes, Aldair Costa Sousa (Gip\u00e3o) e Wiston Gomes.<\/p>\n\n\n\n<p>O secret\u00e1rio-executivo da Governadoria, Osires Damaso, destacou que se colocou \u00e0 disposi\u00e7\u00e3o de todos os parlamentares para a realiza\u00e7\u00e3o de um trabalho em conjunto, dando continuidade \u00e0s atividades realizadas pela gest\u00e3o do governador Wanderlei Barbosa.<\/p>\n\n\n\n<p>\u201cO nosso governador Wanderlei Barbosa j\u00e1 deixou claro que os deputados t\u00eam livre acesso a ele, assim como tamb\u00e9m \u00e0s demais pastas do Governo do Tocantins. E na condi\u00e7\u00e3o de secret\u00e1rio da Governadoria, busco contribuir para facilitar ainda mais os trabalhos da gest\u00e3o estadual, beneficiando a popula\u00e7\u00e3o. Quero deixar meu agradecimento aos parlamentares pela receptividade\u201d, salientou o secret\u00e1rio-executivo da Governadoria.<\/p>\n\n\n\n<p>\u201cEnquanto Poder Legislativo, temos uma parceria grande com o Governo do Tocantins, porque sabemos que o governador Wanderlei Barbosa est\u00e1 atento aos anseios do povo. Ent\u00e3o, esta reuni\u00e3o com o novo secret\u00e1rio Osires Damaso vem justamente para conversarmos sobre as demandas mais urgentes e pensarmos juntos em solu\u00e7\u00f5es que beneficiem, de fato, a popula\u00e7\u00e3o tocantinense. Foi um encontro muito produtivo e temos importantes tarefas conjuntas pela frente\u201d, afirmou o presidente da Aleto, deputado Am\u00e9lio Cayres.<\/p>\n\n\n\n<p>Osires Damaso foi nomeado para ocupar a chefia da Secretaria-Executiva da Governadoria pelo governador do Tocantins, Wanderlei Barbosa, em ato publicado no Di\u00e1rio Oficial do Estado (DOE), no dia 13 de novembro de 2023. Conforme Wanderlei Barbosa, a decis\u00e3o ressalta a busca da gest\u00e3o por lideran\u00e7as experientes e comprometidas com o desenvolvimento do Estado.<\/p>\n\n\n\n<p><img src=\"https:\/\/central.to.gov.br\/image\/355982?w=670&amp;h=383\"><\/p>\n\n\n\n<p>Em encontro na Aleto, Osires Damaso destaca compromisso em construir uma parceria s\u00f3lida entre Executivo e Legislativo &#8211; Divulga\u00e7\u00e3o\/Governo do Tocantins<\/p>\n","protected":false},"excerpt":{"rendered":"<p>O secret\u00e1rio-executivo da Governadoria, Osires Damaso, realizou, na manh\u00e3 desta ter\u00e7a-feira, 21, uma visita institucional aos parlamentares na Assembleia Legislativa do Tocantins (Aleto) com o objetivo de refor\u00e7ar a rela\u00e7\u00e3o entre o Poder Legislativo e o Poder Executivo. Estiveram presentes no encontro o presidente da Aleto, Am\u00e9lio Cayres; e os deputados estaduais Janad Valcari, Moisemar [&hellip;]<\/p>\n","protected":false},"author":2,"featured_media":17767,"comment_status":"open","ping_status":"open","sticky":false,"template":"","format":"standard","meta":[],"categories":[3],"tags":[13],"_links":{"self":[{"href":"https:\/\/dgospel.com.br\/portal\/index.php\/wp-json\/wp\/v2\/posts\/17766"}],"collection":[{"href":"https:\/\/dgospel.com.br\/portal\/index.php\/wp-json\/wp\/v2\/posts"}],"about":[{"href":"https:\/\/dgospel.com.br\/portal\/index.php\/wp-json\/wp\/v2\/types\/post"}],"author":[{"embeddable":true,"href":"https:\/\/dgospel.com.br\/portal\/index.php\/wp-json\/wp\/v2\/users\/2"}],"replies":[{"embeddable":true,"href":"https:\/\/dgospel.com.br\/portal\/index.php\/wp-json\/wp\/v2\/comments?post=17766"}],"version-history":[{"count":1,"href":"https:\/\/dgospel.com.br\/portal\/index.php\/wp-json\/wp\/v2\/posts\/17766\/revisions"}],"predecessor-version":[{"id":17768,"href":"https:\/\/dgospel.com.br\/portal\/index.php\/wp-json\/wp\/v2\/posts\/17766\/revisions\/17768"}],"wp:featuredmedia":[{"embeddable":true,"href":"https:\/\/dgospel.com.br\/portal\/index.php\/wp-json\/wp\/v2\/media\/17767"}],"wp:attachment":[{"href":"https:\/\/dgospel.com.br\/portal\/index.php\/wp-json\/wp\/v2\/media?parent=17766"}],"wp:term":[{"taxonomy":"category","embeddable":true,"href":"https:\/\/dgospel.com.br\/portal\/index.php\/wp-json\/wp\/v2\/categories?post=17766"},{"taxonomy":"post_tag","embeddable":true,"href":"https:\/\/dgospel.com.br\/portal\/index.php\/wp-json\/wp\/v2\/tags?post=17766"}],"curies":[{"name":"wp","href":"https:\/\/api.w.org\/{rel}","templated":true}]}}