{"id":17769,"date":"2023-11-22T08:44:23","date_gmt":"2023-11-22T11:44:23","guid":{"rendered":"http:\/\/dgospel.com.br\/portal\/?p=17769"},"modified":"2023-11-22T08:44:24","modified_gmt":"2023-11-22T11:44:24","slug":"governo-do-tocantins-fomenta-economia-com-destinacao-de-quase-r-2-milhoes-para-campanha-de-natal-do-comercio","status":"publish","type":"post","link":"https:\/\/dgospel.com.br\/portal\/index.php\/2023\/11\/22\/governo-do-tocantins-fomenta-economia-com-destinacao-de-quase-r-2-milhoes-para-campanha-de-natal-do-comercio\/","title":{"rendered":"Governo do Tocantins fomenta economia com destina\u00e7\u00e3o de quase R$ 2 milh\u00f5es para campanha de Natal do com\u00e9rcio"},"content":{"rendered":"\n<p>O governador do Tocantins, Wanderlei Barbosa, assinou nesta ter\u00e7a-feira, 21, a autoriza\u00e7\u00e3o de lan\u00e7amento da&nbsp;<em>Campanha Natal Premiado 2023<\/em>, com repasse de R$ 1.968.209,10 para a Federa\u00e7\u00e3o das Associa\u00e7\u00f5es Comerciais e Empresariais do Estado do Tocantins (Faciet). A cerim\u00f4nia de lan\u00e7amento ocorreu no Pal\u00e1cio Araguaia Governador Jos\u00e9 Wilson Siqueira Campos e contou com a presen\u00e7a de secret\u00e1rios de Estado, prefeitos dos munic\u00edpios participantes, al\u00e9m de presidentes de entidades classistas envolvidas na realiza\u00e7\u00e3o da Campanha.<\/p>\n\n\n\n<p>O recurso de quase R$ 2 milh\u00f5es \u00e9 oriundo do Programa de Impulsionamento da Ind\u00fastria, Com\u00e9rcio e Servi\u00e7os do Estado do Tocantins (Pics), vinculado \u00e0 Secretaria de Estado da Ind\u00fastria, Com\u00e9rcio e Servi\u00e7os (Sics), e tem como objetivo promover o desenvolvimento dos munic\u00edpios tocantinenses participantes da&nbsp;<em>Campanha Natal Premiado 2023<\/em>, fomentando o com\u00e9rcio. A distribui\u00e7\u00e3o e a aplica\u00e7\u00e3o dos recursos ser\u00e3o realizadas conforme planejamento da Faciet e das Associa\u00e7\u00f5es Comerciais das Cidades (ACIs).<\/p>\n\n\n\n<p>Na ocasi\u00e3o, o governador Wanderlei Barbosa deu \u00eanfase \u00e0s a\u00e7\u00f5es que sua gest\u00e3o vem realizando, que visam ao fortalecimento da iniciativa privada em todo o Tocantins. \u201cNosso governo \u00e9 parceiro das mais diversas modalidades empresariais: do pequeno, do m\u00e9dio e do grande. Tanto \u00e9 que n\u00f3s fomentamos as temporadas de praia, os anivers\u00e1rios das cidades, festas agropecu\u00e1rias, entre outros investimentos, como a estrutura\u00e7\u00e3o dos distritos industriais, pensando no conforto e no movimento econ\u00f4mico que essas a\u00e7\u00f5es trazem\u201d, pontuou o Governador, ao observar o \u00f3timo momento de lan\u00e7amento da&nbsp;<em>Campanha Natal Premiado 2023<\/em>. \u201cEstamos chegando nas festividades de final de ano e, com esse aporte, conseguiremos gerar empregos e fazer girar a economia\u201d, concluiu Wanderlei Barbosa.<\/p>\n\n\n\n<p>O secret\u00e1rio de Estado da Ind\u00fastria, Com\u00e9rcio e Servi\u00e7os, Carlos Humberto Lima, destacou que atitudes como esta demonstram a proximidade do governador Wanderlei Barbosa com a classe empresarial. \u201c\u00c9 o Governador do desenvolvimento econ\u00f4mico dedicando, mais uma vez, sua aten\u00e7\u00e3o \u00e0queles que produzem e empregam no Tocantins. Isso porque ele tem a clara percep\u00e7\u00e3o de que cabe a n\u00f3s, enquanto agentes p\u00fablicos, trabalharmos as pol\u00edticas de forma que criemos condi\u00e7\u00f5es adequadas para a produ\u00e7\u00e3o. Por isso, a classe sempre encontra, no governo Wanderlei Barbosa, um ambiente adequado, amig\u00e1vel, de muita interlocu\u00e7\u00e3o e debate\u201d, explicou o secret\u00e1rio.<\/p>\n\n\n\n<p>O presidente da Faciet, Fabiano do Vale, esteve presente no ato de assinatura da autoriza\u00e7\u00e3o e agradeceu a parceria com o Governo do Tocantins, por meio do Conselho de Desenvolvimento Econ\u00f4mico (CDE) e do Pics. \u201cO Governo vem trabalhando para que a gente consiga fazer, todo ano, uma campanha maior e melhor. Em 2022, fizemos a campanha em apenas 20 localidades, este ano, ser\u00e3o 24. Isso volta aos cofres p\u00fablicos por meio de impostos\u201d, adiantou o presidente. Na oportunidade, Fabiano apresentou o exemplo do munic\u00edpio de Para\u00edso do Tocantins, que teve 154 mil cupons no ano passado e que cada cupom movimentou, pelo menos, R$ 50 naquele com\u00e9rcio, retribuindo aos cofres p\u00fablicos os investimentos feitos em 2022. \u201cO Governo ajuda a fomentar o com\u00e9rcio local e o com\u00e9rcio local gera impostos que s\u00e3o repassados ao Governo. \u00c9 uma via de m\u00e3o dupla\u201d, pontuou.<\/p>\n\n\n\n<p><strong>Campanha Natal Premiado 2023<\/strong><\/p>\n\n\n\n<p>A&nbsp;<em>Campanha Natal Premiado 2023<\/em>&nbsp;contar\u00e1 com mais de 400 pr\u00eamios a serem sorteados at\u00e9 mar\u00e7o de 2024. Os pr\u00eamios incluem 48 motocicletas, 296 bicicletas, 120 TVs e 24 pacotes de viagem para o Jalap\u00e3o.&nbsp;<\/p>\n\n\n\n<p>Para participar, o consumidor dever\u00e1 comprar nas lojas vinculadas \u00e0s associa\u00e7\u00f5es comerciais das seguintes cidades tocantinenses: Abreul\u00e2ndia, Araguatins, Aragua\u00e7u, Anan\u00e1s, Aragua\u00edna, Augustin\u00f3polis, Colinas do Tocantins, Dian\u00f3polis, Divin\u00f3polis do Tocantins, Guara\u00ed, Gurupi, Lagoa da Confus\u00e3o, Marian\u00f3polis do Tocantins, Miracema do Tocantins, Miranorte, Nova Rosal\u00e2ndia, Pau D\u2019Arco, Para\u00edso do Tocantins, Pedro Afonso, Porto Nacional, Praia Norte, Tocantin\u00f3polis e Tocant\u00ednia.<\/p>\n\n\n\n<p>Os cupons devem ser preenchidos e depositados nas urnas instaladas nas lojas. Cada localidade ter\u00e1 o sorteio de brindes em separado. Os sorteios ser\u00e3o realizados at\u00e9 o dia 30 de mar\u00e7o de 2024.<\/p>\n\n\n\n<p><img src=\"https:\/\/central.to.gov.br\/image\/355974?w=670&amp;h=383\"><\/p>\n\n\n\n<p>Cerim\u00f4nia de lan\u00e7amento da Campanha Natal Premiado 2023, no Pal\u00e1cio Araguaia, com a presen\u00e7a do Governador, secretariado, prefeitos e l\u00edderes empresariais &#8211; Antonio Gon\u00e7alves\/Governo do Tocantins\u00a0<\/p>\n\n\n\n<p><img src=\"https:\/\/central.to.gov.br\/image\/355975?w=670&amp;h=383\"><\/p>\n\n\n\n<p>Governador Wanderlei Barbosa deu \u00eanfase \u00e0s a\u00e7\u00f5es que visam ao fortalecimento da iniciativa privada em todo o Tocantins &#8211; Antonio Gon\u00e7alves\/Governo do Tocantins\u00a0<\/p>\n\n\n\n<p><img src=\"https:\/\/central.to.gov.br\/image\/355976?w=670&amp;h=383\"><\/p>\n\n\n\n<p>O secret\u00e1rio de Estado da Ind\u00fastria, Com\u00e9rcio e Servi\u00e7os, Carlos Humberto Lima, ressaltou a import\u00e2ncia da iniciativa do Governo no fortalecimento da classe empresarial tocantinense &#8211; Antonio Gon\u00e7alves\/Governo do Tocantins\u00a0<\/p>\n\n\n\n<p><img src=\"https:\/\/central.to.gov.br\/image\/355977?w=670&amp;h=383\"><\/p>\n\n\n\n<p>O presidente da Faciet, Fabiano do Vale, agradeceu a parceria com o Governo do Tocantins, destacando o crescimento da Campanha Natal Premiado &#8211; Antonio Gon\u00e7alves\/Governo do Tocantins\u00a0<\/p>\n\n\n\n<p><img src=\"https:\/\/central.to.gov.br\/image\/355978?w=670&amp;h=383\"><\/p>\n\n\n\n<p>A Campanha Natal Premiado 2023 contar\u00e1 com mais de 400 pr\u00eamios, incluindo motocicletas, bicicletas, TVs e pacotes de viagem para o Jalap\u00e3o &#8211; Antonio Gon\u00e7alves\/Governo do Tocantins\u00a0<\/p>\n","protected":false},"excerpt":{"rendered":"<p>O governador do Tocantins, Wanderlei Barbosa, assinou nesta ter\u00e7a-feira, 21, a autoriza\u00e7\u00e3o de lan\u00e7amento da&nbsp;Campanha Natal Premiado 2023, com repasse de R$ 1.968.209,10 para a Federa\u00e7\u00e3o das Associa\u00e7\u00f5es Comerciais e Empresariais do Estado do Tocantins (Faciet). A cerim\u00f4nia de lan\u00e7amento ocorreu no Pal\u00e1cio Araguaia Governador Jos\u00e9 Wilson Siqueira Campos e contou com a presen\u00e7a de [&hellip;]<\/p>\n","protected":false},"author":2,"featured_media":17770,"comment_status":"open","ping_status":"open","sticky":false,"template":"","format":"standard","meta":[],"categories":[3],"tags":[13],"_links":{"self":[{"href":"https:\/\/dgospel.com.br\/portal\/index.php\/wp-json\/wp\/v2\/posts\/17769"}],"collection":[{"href":"https:\/\/dgospel.com.br\/portal\/index.php\/wp-json\/wp\/v2\/posts"}],"about":[{"href":"https:\/\/dgospel.com.br\/portal\/index.php\/wp-json\/wp\/v2\/types\/post"}],"author":[{"embeddable":true,"href":"https:\/\/dgospel.com.br\/portal\/index.php\/wp-json\/wp\/v2\/users\/2"}],"replies":[{"embeddable":true,"href":"https:\/\/dgospel.com.br\/portal\/index.php\/wp-json\/wp\/v2\/comments?post=17769"}],"version-history":[{"count":1,"href":"https:\/\/dgospel.com.br\/portal\/index.php\/wp-json\/wp\/v2\/posts\/17769\/revisions"}],"predecessor-version":[{"id":17771,"href":"https:\/\/dgospel.com.br\/portal\/index.php\/wp-json\/wp\/v2\/posts\/17769\/revisions\/17771"}],"wp:featuredmedia":[{"embeddable":true,"href":"https:\/\/dgospel.com.br\/portal\/index.php\/wp-json\/wp\/v2\/media\/17770"}],"wp:attachment":[{"href":"https:\/\/dgospel.com.br\/portal\/index.php\/wp-json\/wp\/v2\/media?parent=17769"}],"wp:term":[{"taxonomy":"category","embeddable":true,"href":"https:\/\/dgospel.com.br\/portal\/index.php\/wp-json\/wp\/v2\/categories?post=17769"},{"taxonomy":"post_tag","embeddable":true,"href":"https:\/\/dgospel.com.br\/portal\/index.php\/wp-json\/wp\/v2\/tags?post=17769"}],"curies":[{"name":"wp","href":"https:\/\/api.w.org\/{rel}","templated":true}]}}