{"id":17775,"date":"2023-11-22T08:49:30","date_gmt":"2023-11-22T11:49:30","guid":{"rendered":"http:\/\/dgospel.com.br\/portal\/?p=17775"},"modified":"2023-11-22T08:49:32","modified_gmt":"2023-11-22T11:49:32","slug":"governador-wanderlei-barbosa-e-associacao-bem-comum-discutem-melhorias-para-alfabetizacao-de-criancas-no-tocantins","status":"publish","type":"post","link":"https:\/\/dgospel.com.br\/portal\/index.php\/2023\/11\/22\/governador-wanderlei-barbosa-e-associacao-bem-comum-discutem-melhorias-para-alfabetizacao-de-criancas-no-tocantins\/","title":{"rendered":"Governador Wanderlei Barbosa e Associa\u00e7\u00e3o Bem Comum discutem melhorias para alfabetiza\u00e7\u00e3o de crian\u00e7as no Tocantins"},"content":{"rendered":"\n<p>O governador do Tocantins, Wanderlei Barbosa, recebeu nesta ter\u00e7a-feira, 21, no Pal\u00e1cio Araguaia Governador Jos\u00e9 Wilson Siqueira Campos, a equipe da Associa\u00e7\u00e3o Bem Comum, para dialogar sobre o projeto de Parceria pela Alfabetiza\u00e7\u00e3o em Regime de Colabora\u00e7\u00e3o (Parc). O programa apoia o poder p\u00fablico estadual na melhoria da alfabetiza\u00e7\u00e3o nos primeiros anos do ensino fundamental, com a\u00e7\u00f5es alinhadas ao Compromisso Nacional Crian\u00e7a Alfabetizada, do Governo Federal, e tem parcerias com as inst\u00e2ncias estaduais e municipais.<\/p>\n\n\n\n<p>A iniciativa, apresentada pela Associa\u00e7\u00e3o Bem Comum, foi prontamente acolhida pelo governador Wanderlei Barbosa, que expressou entusiasmo com as possibilidades que essa colabora\u00e7\u00e3o trar\u00e1 para a educa\u00e7\u00e3o no Estado. &#8220;A alfabetiza\u00e7\u00e3o \u00e9 a base para o desenvolvimento educacional e social de nossos cidad\u00e3os. Estamos comprometidos em garantir que cada tocantinense tenha acesso a uma educa\u00e7\u00e3o de qualidade&#8221;, ressaltou o Governador.<\/p>\n\n\n\n<p>O secret\u00e1rio de Estado da Educa\u00e7\u00e3o, F\u00e1bio Vaz, destacou que o Governo do Tocantins j\u00e1 tem legisla\u00e7\u00f5es que impulsionam a educa\u00e7\u00e3o em todo o Estado e, com a parceria, os servi\u00e7os poder\u00e3o chegar de forma mais assertiva nas cidades do Tocantins. \u201cNo caso da alfabetiza\u00e7\u00e3o, vamos trabalhar com o bem comum, com pol\u00edticas voltadas para a forma\u00e7\u00e3o de professores, avalia\u00e7\u00f5es diagn\u00f3sticas, avalia\u00e7\u00f5es finais e material de apoio pedag\u00f3gico. Tudo isso j\u00e1 est\u00e1 previsto na nossa legisla\u00e7\u00e3o e previsto no nosso or\u00e7amento para 2024\u201d, afirmou.<\/p>\n\n\n\n<p>O diretor-executivo da Associa\u00e7\u00e3o Bem Comum, Veveu Arruda, compartilhou a vis\u00e3o da organiza\u00e7\u00e3o. &#8220;Estamos honrados em colaborar com o Governo do Tocantins. Nosso objetivo \u00e9 contribuir com a qualidade da educa\u00e7\u00e3o e esse programa permitir\u00e1 atua\u00e7\u00e3o diretamente nos munic\u00edpios do Estado, oferecendo recursos t\u00e9cnicos, alfabetiza\u00e7\u00e3o efetiva e forma\u00e7\u00e3o cont\u00ednua para professores&#8221;, pontou.<\/p>\n\n\n\n<p><strong>Alfabetiza\u00e7\u00e3o em Regime de Colabora\u00e7\u00e3o<\/strong>&nbsp;<\/p>\n\n\n\n<p>A Parc \u00e9 um projeto da Associa\u00e7\u00e3o Bem Comum, iniciado em 2019, para apoiar o poder p\u00fablico estadual na implementa\u00e7\u00e3o de pol\u00edticas de melhoria da aprendizagem nos primeiros anos do ensino fundamental, focando na alfabetiza\u00e7\u00e3o. Inspirado no Programa Alfabetiza\u00e7\u00e3o na Idade Certa (Paic) do Cear\u00e1\/CE, a Parc busca fortalecer a colabora\u00e7\u00e3o entre estados e munic\u00edpios, visando solu\u00e7\u00f5es espec\u00edficas em \u00e2mbitos estadual e local.&nbsp;<\/p>\n\n\n\n<p>O objetivo \u00e9 transformar essas a\u00e7\u00f5es em pol\u00edticas estaduais duradouras, garantindo continuidade, independentemente da mudan\u00e7a de governantes. O programa est\u00e1, atualmente, em 15 estados, abrangendo 3.271 munic\u00edpios e, aproximadamente, 2.804.880 alunos do 1\u00b0 e do 2\u00b0 anos do ensino fundamental na rede p\u00fablica.<\/p>\n\n\n\n<p>A proposta da Parc est\u00e1 fundamentada na premissa de que o sucesso do programa em cada estado depende de um desenho sist\u00eamico que integre as estrat\u00e9gias:\u202f Compromisso Pol\u00edtico e T\u00e9cnico;\u202fCoopera\u00e7\u00e3o e Incentivos;\u202fAvalia\u00e7\u00e3o e Monitoramento;\u202fForma\u00e7\u00e3o de Professores e Gestores; Material did\u00e1tico estruturado;\u00a0 Fortalecimento da Gest\u00e3o Municipal e Escolar; Comunica\u00e7\u00e3o e engajamento pelo di\u00e1logo;\u202fGovernan\u00e7a Participativa;\u202fe Institucionaliza\u00e7\u00e3o.<\/p>\n\n\n\n<p><img src=\"https:\/\/central.to.gov.br\/image\/355994?w=670&amp;h=383\"><\/p>\n\n\n\n<p>A iniciativa, apresentada pela Associa\u00e7\u00e3o Bem Comum, foi prontamente acolhida pelo governador Wanderlei Barbosa &#8211; Antonio Gon\u00e7alves\/Governo do Tocantins\u00a0<\/p>\n\n\n\n<p><img src=\"https:\/\/central.to.gov.br\/image\/355995?w=670&amp;h=383\"><\/p>\n\n\n\n<p>O secret\u00e1rio de Estado da Educa\u00e7\u00e3o, F\u00e1bio Vaz, destacou que o Governo do Tocantins j\u00e1 tem legisla\u00e7\u00f5es que impulsionam a educa\u00e7\u00e3o em todo o Estado e, com a parceria, os servi\u00e7os poder\u00e3o chegar de forma mais assertiva nas cidades do Tocantins &#8211; Antonio Gon\u00e7alves\/Governo do Tocantins\u00a0<\/p>\n\n\n\n<p><img src=\"https:\/\/central.to.gov.br\/image\/355996?w=670&amp;h=383\"><\/p>\n\n\n\n<p>O diretor-executivo da Associa\u00e7\u00e3o Bem Comum, Veveu Arruda, compartilha a vis\u00e3o da organiza\u00e7\u00e3o, expressando a honra em colaborar com o Governo do Tocantins &#8211; Antonio Gon\u00e7alves\/Governo do Tocantins\u00a0<\/p>\n\n\n\n<p><img src=\"https:\/\/central.to.gov.br\/image\/355997?w=670&amp;h=383\"><\/p>\n\n\n\n<p>Programa da Associa\u00e7\u00e3o Bem Comum visa melhorar a alfabetiza\u00e7\u00e3o nos primeiros anos do ensino fundamental, alinhado com o Compromisso Nacional Crian\u00e7a Alfabetizada &#8211; Antonio Gon\u00e7alves\/Governo do Tocantins\u00a0<\/p>\n","protected":false},"excerpt":{"rendered":"<p>O governador do Tocantins, Wanderlei Barbosa, recebeu nesta ter\u00e7a-feira, 21, no Pal\u00e1cio Araguaia Governador Jos\u00e9 Wilson Siqueira Campos, a equipe da Associa\u00e7\u00e3o Bem Comum, para dialogar sobre o projeto de Parceria pela Alfabetiza\u00e7\u00e3o em Regime de Colabora\u00e7\u00e3o (Parc). O programa apoia o poder p\u00fablico estadual na melhoria da alfabetiza\u00e7\u00e3o nos primeiros anos do ensino fundamental, [&hellip;]<\/p>\n","protected":false},"author":2,"featured_media":17776,"comment_status":"open","ping_status":"open","sticky":false,"template":"","format":"standard","meta":[],"categories":[3],"tags":[13],"_links":{"self":[{"href":"https:\/\/dgospel.com.br\/portal\/index.php\/wp-json\/wp\/v2\/posts\/17775"}],"collection":[{"href":"https:\/\/dgospel.com.br\/portal\/index.php\/wp-json\/wp\/v2\/posts"}],"about":[{"href":"https:\/\/dgospel.com.br\/portal\/index.php\/wp-json\/wp\/v2\/types\/post"}],"author":[{"embeddable":true,"href":"https:\/\/dgospel.com.br\/portal\/index.php\/wp-json\/wp\/v2\/users\/2"}],"replies":[{"embeddable":true,"href":"https:\/\/dgospel.com.br\/portal\/index.php\/wp-json\/wp\/v2\/comments?post=17775"}],"version-history":[{"count":1,"href":"https:\/\/dgospel.com.br\/portal\/index.php\/wp-json\/wp\/v2\/posts\/17775\/revisions"}],"predecessor-version":[{"id":17777,"href":"https:\/\/dgospel.com.br\/portal\/index.php\/wp-json\/wp\/v2\/posts\/17775\/revisions\/17777"}],"wp:featuredmedia":[{"embeddable":true,"href":"https:\/\/dgospel.com.br\/portal\/index.php\/wp-json\/wp\/v2\/media\/17776"}],"wp:attachment":[{"href":"https:\/\/dgospel.com.br\/portal\/index.php\/wp-json\/wp\/v2\/media?parent=17775"}],"wp:term":[{"taxonomy":"category","embeddable":true,"href":"https:\/\/dgospel.com.br\/portal\/index.php\/wp-json\/wp\/v2\/categories?post=17775"},{"taxonomy":"post_tag","embeddable":true,"href":"https:\/\/dgospel.com.br\/portal\/index.php\/wp-json\/wp\/v2\/tags?post=17775"}],"curies":[{"name":"wp","href":"https:\/\/api.w.org\/{rel}","templated":true}]}}