{"id":17778,"date":"2023-11-22T08:51:33","date_gmt":"2023-11-22T11:51:33","guid":{"rendered":"http:\/\/dgospel.com.br\/portal\/?p=17778"},"modified":"2023-11-22T08:51:34","modified_gmt":"2023-11-22T11:51:34","slug":"so-9-do-mercado-avalia-governo-lula-positivamente-diz-pesquisa","status":"publish","type":"post","link":"https:\/\/dgospel.com.br\/portal\/index.php\/2023\/11\/22\/so-9-do-mercado-avalia-governo-lula-positivamente-diz-pesquisa\/","title":{"rendered":"S\u00f3 9% do mercado avalia governo Lula positivamente, diz pesquisa"},"content":{"rendered":"\n<p>A propor\u00e7\u00e3o do mercado financeiro que avalia positivamente o governo do presidente&nbsp;<a href=\"http:\/\/pleno.news\/tag\/lula\" target=\"_blank\" rel=\"noreferrer noopener\">Lula<\/a>&nbsp;(PT) caiu tr\u00eas pontos percentuais entre setembro e novembro, de 12% para 9%, enquanto a avalia\u00e7\u00e3o negativa subiu cinco pontos, de 47% para 52%. No per\u00edodo, a avalia\u00e7\u00e3o regular oscilou dois pontos, de 41% para 39%. Os dados s\u00e3o de pesquisa Genial\/Quaest, divulgada nesta quarta-feira (22).<\/p>\n\n\n\n<p>Os n\u00fameros refletem uma piora na avalia\u00e7\u00e3o sobre o desempenho do ministro da Fazenda,\u00a0<a rel=\"noreferrer noopener\" href=\"http:\/\/pleno.news\/tag\/fernando-haddad\" target=\"_blank\">Fernando Haddad<\/a>. Nesta leitura, os que consideram positivo o trabalho do ministro diminu\u00edram de 46% para 43%. J\u00e1 a avalia\u00e7\u00e3o negativa de Haddad aumentou de 23% para 24%. A regular avan\u00e7ou de 31% para 33%, no mesmo per\u00edodo.<\/p>\n\n\n\n<p>Para 39 entrevistados, a for\u00e7a de Haddad est\u00e1 menor que h\u00e1 dois meses, ap\u00f3s a tens\u00e3o fiscal diante do aumento da press\u00e3o dentro do governo pela altera\u00e7\u00e3o da meta de d\u00e9ficit zero para 2024, que acabou sendo mantida na Lei de Diretrizes Or\u00e7ament\u00e1rias (LDO). Ainda segundo a pesquisa, 49 entrevistados veem for\u00e7a igual, enquanto 12 enxergam uma for\u00e7a maior que em setembro.<\/p>\n\n\n\n<p>A pesquisa ouviu 100 profissionais de fundos de investimentos sediados em S\u00e3o Paulo e no Rio de Janeiro, entre os dias 16 e 21 de novembro.<\/p>\n\n\n\n<p>*AE<\/p>\n","protected":false},"excerpt":{"rendered":"<p>A propor\u00e7\u00e3o do mercado financeiro que avalia positivamente o governo do presidente&nbsp;Lula&nbsp;(PT) caiu tr\u00eas pontos percentuais entre setembro e novembro, de 12% para 9%, enquanto a avalia\u00e7\u00e3o negativa subiu cinco pontos, de 47% para 52%. No per\u00edodo, a avalia\u00e7\u00e3o regular oscilou dois pontos, de 41% para 39%. Os dados s\u00e3o de pesquisa Genial\/Quaest, divulgada nesta [&hellip;]<\/p>\n","protected":false},"author":2,"featured_media":17779,"comment_status":"open","ping_status":"open","sticky":false,"template":"","format":"standard","meta":[],"categories":[4],"tags":[],"_links":{"self":[{"href":"https:\/\/dgospel.com.br\/portal\/index.php\/wp-json\/wp\/v2\/posts\/17778"}],"collection":[{"href":"https:\/\/dgospel.com.br\/portal\/index.php\/wp-json\/wp\/v2\/posts"}],"about":[{"href":"https:\/\/dgospel.com.br\/portal\/index.php\/wp-json\/wp\/v2\/types\/post"}],"author":[{"embeddable":true,"href":"https:\/\/dgospel.com.br\/portal\/index.php\/wp-json\/wp\/v2\/users\/2"}],"replies":[{"embeddable":true,"href":"https:\/\/dgospel.com.br\/portal\/index.php\/wp-json\/wp\/v2\/comments?post=17778"}],"version-history":[{"count":1,"href":"https:\/\/dgospel.com.br\/portal\/index.php\/wp-json\/wp\/v2\/posts\/17778\/revisions"}],"predecessor-version":[{"id":17780,"href":"https:\/\/dgospel.com.br\/portal\/index.php\/wp-json\/wp\/v2\/posts\/17778\/revisions\/17780"}],"wp:featuredmedia":[{"embeddable":true,"href":"https:\/\/dgospel.com.br\/portal\/index.php\/wp-json\/wp\/v2\/media\/17779"}],"wp:attachment":[{"href":"https:\/\/dgospel.com.br\/portal\/index.php\/wp-json\/wp\/v2\/media?parent=17778"}],"wp:term":[{"taxonomy":"category","embeddable":true,"href":"https:\/\/dgospel.com.br\/portal\/index.php\/wp-json\/wp\/v2\/categories?post=17778"},{"taxonomy":"post_tag","embeddable":true,"href":"https:\/\/dgospel.com.br\/portal\/index.php\/wp-json\/wp\/v2\/tags?post=17778"}],"curies":[{"name":"wp","href":"https:\/\/api.w.org\/{rel}","templated":true}]}}