{"id":17781,"date":"2023-11-22T08:54:38","date_gmt":"2023-11-22T11:54:38","guid":{"rendered":"http:\/\/dgospel.com.br\/portal\/?p=17781"},"modified":"2023-11-22T08:54:39","modified_gmt":"2023-11-22T11:54:39","slug":"wajngarten-convidara-milei-para-jantar-com-evangelicos-e-judeus","status":"publish","type":"post","link":"https:\/\/dgospel.com.br\/portal\/index.php\/2023\/11\/22\/wajngarten-convidara-milei-para-jantar-com-evangelicos-e-judeus\/","title":{"rendered":"Wajngarten convidar\u00e1 Milei para jantar com evang\u00e9licos e judeus"},"content":{"rendered":"\n<p>O advogado e assessor de imprensa do ex-presidente&nbsp;<a href=\"http:\/\/pleno.news\/tag\/jair-bolsonaro\" target=\"_blank\" rel=\"noreferrer noopener\">Jair Bolsonaro<\/a>&nbsp;(PL), Fabio Wajngarten, afirmou que vai convidar o presidente eleito da Argentina,&nbsp;<a href=\"http:\/\/pleno.news\/tag\/javier-milei\" target=\"_blank\" rel=\"noreferrer noopener\">Javier Milei<\/a>, para um jantar na pr\u00f3xima semana, em S\u00e3o Paulo, com lideran\u00e7as evang\u00e9licas e judaicas brasileiras. A declara\u00e7\u00e3o foi dada por Wajngarten \u00e0 coluna de Igor Gadelha, do site Metr\u00f3poles.<\/p>\n\n\n\n<p>Segundo a publica\u00e7\u00e3o, o encontro acontecer\u00e1 no apartamento de Wajngarten e est\u00e1 sendo organizado tanto pelo advogado de Bolsonaro quanto pelo deputado federal S\u00f3stenes Cavalcante (PL-RJ), membro da Frente Parlamentar Evang\u00e9lica e pr\u00f3ximo de l\u00edderes religiosos como o pastor Silas Malafaia.<\/p>\n\n\n\n<p>O objetivo do encontro com o novo presidente argentino \u00e9 servir como um contraponto \u00e0s recentes cr\u00edticas feitas por Lula a Israel. Recentemente, o petista declarou que os israelenses estariam \u201ccometendo v\u00e1rios atos de terrorismo\u201d a exemplo do grupo terrorista palestino Hamas.<\/p>\n\n\n\n<p>Por fim, Wajngarten, que \u00e9 judeu, afirmou \u00e0 coluna de Gadelha que decidiu convidar Milei para o jantar por consider\u00e1-lo como algu\u00e9m \u201csens\u00edvel\u201d \u00e0 causa do povo do Estado de Israel. O presidente eleito no pa\u00eds vizinho recebeu um amplo apoio do ex-presidente Jair Bolsonaro e de aliados do ex-chefe do Executivo durante a campanha. Bolsonaro, inclusive, confirmou que vai \u00e0 posse de Milei.<\/p>\n","protected":false},"excerpt":{"rendered":"<p>O advogado e assessor de imprensa do ex-presidente&nbsp;Jair Bolsonaro&nbsp;(PL), Fabio Wajngarten, afirmou que vai convidar o presidente eleito da Argentina,&nbsp;Javier Milei, para um jantar na pr\u00f3xima semana, em S\u00e3o Paulo, com lideran\u00e7as evang\u00e9licas e judaicas brasileiras. A declara\u00e7\u00e3o foi dada por Wajngarten \u00e0 coluna de Igor Gadelha, do site Metr\u00f3poles. Segundo a publica\u00e7\u00e3o, o encontro [&hellip;]<\/p>\n","protected":false},"author":2,"featured_media":17782,"comment_status":"open","ping_status":"open","sticky":false,"template":"","format":"standard","meta":[],"categories":[10],"tags":[],"_links":{"self":[{"href":"https:\/\/dgospel.com.br\/portal\/index.php\/wp-json\/wp\/v2\/posts\/17781"}],"collection":[{"href":"https:\/\/dgospel.com.br\/portal\/index.php\/wp-json\/wp\/v2\/posts"}],"about":[{"href":"https:\/\/dgospel.com.br\/portal\/index.php\/wp-json\/wp\/v2\/types\/post"}],"author":[{"embeddable":true,"href":"https:\/\/dgospel.com.br\/portal\/index.php\/wp-json\/wp\/v2\/users\/2"}],"replies":[{"embeddable":true,"href":"https:\/\/dgospel.com.br\/portal\/index.php\/wp-json\/wp\/v2\/comments?post=17781"}],"version-history":[{"count":1,"href":"https:\/\/dgospel.com.br\/portal\/index.php\/wp-json\/wp\/v2\/posts\/17781\/revisions"}],"predecessor-version":[{"id":17783,"href":"https:\/\/dgospel.com.br\/portal\/index.php\/wp-json\/wp\/v2\/posts\/17781\/revisions\/17783"}],"wp:featuredmedia":[{"embeddable":true,"href":"https:\/\/dgospel.com.br\/portal\/index.php\/wp-json\/wp\/v2\/media\/17782"}],"wp:attachment":[{"href":"https:\/\/dgospel.com.br\/portal\/index.php\/wp-json\/wp\/v2\/media?parent=17781"}],"wp:term":[{"taxonomy":"category","embeddable":true,"href":"https:\/\/dgospel.com.br\/portal\/index.php\/wp-json\/wp\/v2\/categories?post=17781"},{"taxonomy":"post_tag","embeddable":true,"href":"https:\/\/dgospel.com.br\/portal\/index.php\/wp-json\/wp\/v2\/tags?post=17781"}],"curies":[{"name":"wp","href":"https:\/\/api.w.org\/{rel}","templated":true}]}}