{"id":17788,"date":"2023-11-22T09:08:51","date_gmt":"2023-11-22T12:08:51","guid":{"rendered":"http:\/\/dgospel.com.br\/portal\/?p=17788"},"modified":"2023-11-22T09:08:52","modified_gmt":"2023-11-22T12:08:52","slug":"anj-defende-estadao-de-ataques-da-esquerda-preocupacao","status":"publish","type":"post","link":"https:\/\/dgospel.com.br\/portal\/index.php\/2023\/11\/22\/anj-defende-estadao-de-ataques-da-esquerda-preocupacao\/","title":{"rendered":"ANJ defende Estad\u00e3o de ataques da esquerda: \u201cPreocupa\u00e7\u00e3o\u201d"},"content":{"rendered":"\n<p>A Associa\u00e7\u00e3o Nacional de Jornais (ANJ) se manifestou contra os ataques da esquerda que o jornal Estad\u00e3o e seus profissionais t\u00eam sofrido desde que revelaram as reuni\u00f5es de Luciane Barbosa Farias, a \u201cdama do tr\u00e1fico amazonense\u201d, com secret\u00e1rios do Minist\u00e9rio da Justi\u00e7a.<\/p>\n\n\n\n<p>Em nota, a entidade critica as tentativas de intimida\u00e7\u00e3o que l\u00edderes partid\u00e1rios, entre eles a presidente do Partido dos Trabalhadores (PT), Gleisi Hoffmann, est\u00e3o protagonizando nas redes sociais, juntamente com seus apoiadores, influenciadores e integrantes do governo.<\/p>\n\n\n\n<p>De acordo com a ANJ, trata-se de \u201cm\u00e9todos de intimida\u00e7\u00e3o contra ve\u00edculos e jornalistas\u201d, algo que \u201cn\u00e3o se coaduna com valores democr\u00e1ticos e demonstra um flagrante desrespeito \u00e0 liberdade de imprensa\u201d.<\/p>\n\n\n\n<p>\u2013 Tamb\u00e9m evidencia uma pr\u00e1tica caracter\u00edstica de regimes autocr\u00e1ticos de, com o apoio de dirigentes pol\u00edticos, sites e influenciadores governistas, tentar desviar o foco de reportagens inc\u00f4modas por meio de ataques contra quem as apura e divulga \u2013 continua a nota.<\/p>\n\n\n\n<p><strong>LEIA A NOTA NA \u00cdNTEGRA:<\/strong><br><em>A ANJ acompanha com preocupa\u00e7\u00e3o e manifesta seu rep\u00fadio \u00e0s tentativas de intimida\u00e7\u00e3o contra O Estado de S. Paulo e sua editora de Pol\u00edtica, Andreza Matais, depois de o jornal ter divulgado o acesso da mulher de um l\u00edder do crime organizado no Amazonas a gabinetes do Minist\u00e9rio da Justi\u00e7a.<\/em><\/p>\n\n\n\n<p><em>O uso de m\u00e9todos de intimida\u00e7\u00e3o contra ve\u00edculos e jornalistas n\u00e3o se coaduna com valores democr\u00e1ticos e demonstra um flagrante desrespeito \u00e0 liberdade de imprensa. Tamb\u00e9m evidencia uma pr\u00e1tica caracter\u00edstica de regimes autocr\u00e1ticos de, com o apoio de dirigentes pol\u00edticos, sites e influenciadores governistas, tentar desviar o foco de reportagens inc\u00f4modas por meio de ataques contra quem as apura e divulga.<\/em><\/p>\n\n\n\n<p><em>A ANJ espera que tais m\u00e9todos de intimida\u00e7\u00e3o, sobretudo contra jornalistas mulheres j\u00e1 empregados no passado recente, cessem imediatamente, em nome do respeito \u00e0 liberdade de imprensa e \u00e0 livre atua\u00e7\u00e3o do jornalismo e dos ve\u00edculos de comunica\u00e7\u00e3o.<\/em><\/p>\n\n\n\n<p><em>Bras\u00edlia, 20 de novembro de 2023.<\/em><\/p>\n\n\n\n<p><em>Associa\u00e7\u00e3o Nacional de Jornais \u2013 ANJ<\/em><\/p>\n","protected":false},"excerpt":{"rendered":"<p>A Associa\u00e7\u00e3o Nacional de Jornais (ANJ) se manifestou contra os ataques da esquerda que o jornal Estad\u00e3o e seus profissionais t\u00eam sofrido desde que revelaram as reuni\u00f5es de Luciane Barbosa Farias, a \u201cdama do tr\u00e1fico amazonense\u201d, com secret\u00e1rios do Minist\u00e9rio da Justi\u00e7a. Em nota, a entidade critica as tentativas de intimida\u00e7\u00e3o que l\u00edderes partid\u00e1rios, entre [&hellip;]<\/p>\n","protected":false},"author":2,"featured_media":17789,"comment_status":"open","ping_status":"open","sticky":false,"template":"","format":"standard","meta":[],"categories":[4],"tags":[],"_links":{"self":[{"href":"https:\/\/dgospel.com.br\/portal\/index.php\/wp-json\/wp\/v2\/posts\/17788"}],"collection":[{"href":"https:\/\/dgospel.com.br\/portal\/index.php\/wp-json\/wp\/v2\/posts"}],"about":[{"href":"https:\/\/dgospel.com.br\/portal\/index.php\/wp-json\/wp\/v2\/types\/post"}],"author":[{"embeddable":true,"href":"https:\/\/dgospel.com.br\/portal\/index.php\/wp-json\/wp\/v2\/users\/2"}],"replies":[{"embeddable":true,"href":"https:\/\/dgospel.com.br\/portal\/index.php\/wp-json\/wp\/v2\/comments?post=17788"}],"version-history":[{"count":1,"href":"https:\/\/dgospel.com.br\/portal\/index.php\/wp-json\/wp\/v2\/posts\/17788\/revisions"}],"predecessor-version":[{"id":17790,"href":"https:\/\/dgospel.com.br\/portal\/index.php\/wp-json\/wp\/v2\/posts\/17788\/revisions\/17790"}],"wp:featuredmedia":[{"embeddable":true,"href":"https:\/\/dgospel.com.br\/portal\/index.php\/wp-json\/wp\/v2\/media\/17789"}],"wp:attachment":[{"href":"https:\/\/dgospel.com.br\/portal\/index.php\/wp-json\/wp\/v2\/media?parent=17788"}],"wp:term":[{"taxonomy":"category","embeddable":true,"href":"https:\/\/dgospel.com.br\/portal\/index.php\/wp-json\/wp\/v2\/categories?post=17788"},{"taxonomy":"post_tag","embeddable":true,"href":"https:\/\/dgospel.com.br\/portal\/index.php\/wp-json\/wp\/v2\/tags?post=17788"}],"curies":[{"name":"wp","href":"https:\/\/api.w.org\/{rel}","templated":true}]}}