{"id":17791,"date":"2023-11-22T09:11:23","date_gmt":"2023-11-22T12:11:23","guid":{"rendered":"http:\/\/dgospel.com.br\/portal\/?p=17791"},"modified":"2023-11-22T09:11:24","modified_gmt":"2023-11-22T12:11:24","slug":"estadao-pode-processar-gleisi-dino-e-felipe-neto-por-difamacao","status":"publish","type":"post","link":"https:\/\/dgospel.com.br\/portal\/index.php\/2023\/11\/22\/estadao-pode-processar-gleisi-dino-e-felipe-neto-por-difamacao\/","title":{"rendered":"Estad\u00e3o pode processar Gleisi, Dino e Felipe Neto por difama\u00e7\u00e3o"},"content":{"rendered":"\n<p>O jornal O Estado de S\u00e3o Paulo pode entrar com processo contra a presidente do Partido dos Trabalhadores (PT), Gleisi Hoffmann, o ministro da Justi\u00e7a, Fl\u00e1vio Dino, e o influenciador Felipe Neto. Nos \u00faltimos dias, eles criaram insinua\u00e7\u00f5es contra a publica\u00e7\u00e3o que descobriu e noticiou as visitas de Luciane Barbosa Farias, a \u201cdama do tr\u00e1fico amazonense\u201d, com secret\u00e1rios da Justi\u00e7a.<\/p>\n\n\n\n<p>Pelo X, antigo Twitter, Hoffmann atacou o jornal paulistano e instigou a milit\u00e2ncia contra a jornalista Andreza Matais, editora-executiva de Pol\u00edtica e chefe da sucursal do Estad\u00e3o em Bras\u00edlia (DF).<\/p>\n\n\n\n<p>Usando um texto de uma revista ligada ao PT, a deputada compartilhou not\u00edcias falsas sobre o processo de produ\u00e7\u00e3o das reportagens, usando como base mensagens an\u00f4nimas enviadas ao Minist\u00e9rio P\u00fablico do Trabalho.<\/p>\n\n\n\n<p>Dino e Felipe Neto ajudaram na campanha, por isso, a publica\u00e7\u00e3o se&nbsp;<a href=\"https:\/\/www.estadao.com.br\/politica\/presidente-do-pt-instiga-militancia-contra-jornalista-do-estadao\/\" target=\"_blank\" rel=\"noreferrer noopener\">manifestou<\/a>&nbsp;dizendo que \u201cestuda a\u00e7\u00f5es legais em resposta \u00e0 campanha de difama\u00e7\u00e3o promovida contra seus jornalistas\u201d.<\/p>\n\n\n\n<p>\u2013 A rea\u00e7\u00e3o furiosa orquestrada nas redes sociais contra jornalistas do Estad\u00e3o em nada diminui a qualidade da apura\u00e7\u00e3o da reportagem sobre as intimidades da dama do tr\u00e1fico com altos funcion\u00e1rios p\u00fablicos. Ela mostra apenas a incapacidade de certos setores de conviver com o jornalismo independente \u2013 afirmou o diretor-executivo de jornalismo do Grupo Estado, Eur\u00edpedes Alc\u00e2ntara.<\/p>\n","protected":false},"excerpt":{"rendered":"<p>O jornal O Estado de S\u00e3o Paulo pode entrar com processo contra a presidente do Partido dos Trabalhadores (PT), Gleisi Hoffmann, o ministro da Justi\u00e7a, Fl\u00e1vio Dino, e o influenciador Felipe Neto. Nos \u00faltimos dias, eles criaram insinua\u00e7\u00f5es contra a publica\u00e7\u00e3o que descobriu e noticiou as visitas de Luciane Barbosa Farias, a \u201cdama do tr\u00e1fico [&hellip;]<\/p>\n","protected":false},"author":2,"featured_media":17792,"comment_status":"open","ping_status":"open","sticky":false,"template":"","format":"standard","meta":[],"categories":[10],"tags":[],"_links":{"self":[{"href":"https:\/\/dgospel.com.br\/portal\/index.php\/wp-json\/wp\/v2\/posts\/17791"}],"collection":[{"href":"https:\/\/dgospel.com.br\/portal\/index.php\/wp-json\/wp\/v2\/posts"}],"about":[{"href":"https:\/\/dgospel.com.br\/portal\/index.php\/wp-json\/wp\/v2\/types\/post"}],"author":[{"embeddable":true,"href":"https:\/\/dgospel.com.br\/portal\/index.php\/wp-json\/wp\/v2\/users\/2"}],"replies":[{"embeddable":true,"href":"https:\/\/dgospel.com.br\/portal\/index.php\/wp-json\/wp\/v2\/comments?post=17791"}],"version-history":[{"count":1,"href":"https:\/\/dgospel.com.br\/portal\/index.php\/wp-json\/wp\/v2\/posts\/17791\/revisions"}],"predecessor-version":[{"id":17793,"href":"https:\/\/dgospel.com.br\/portal\/index.php\/wp-json\/wp\/v2\/posts\/17791\/revisions\/17793"}],"wp:featuredmedia":[{"embeddable":true,"href":"https:\/\/dgospel.com.br\/portal\/index.php\/wp-json\/wp\/v2\/media\/17792"}],"wp:attachment":[{"href":"https:\/\/dgospel.com.br\/portal\/index.php\/wp-json\/wp\/v2\/media?parent=17791"}],"wp:term":[{"taxonomy":"category","embeddable":true,"href":"https:\/\/dgospel.com.br\/portal\/index.php\/wp-json\/wp\/v2\/categories?post=17791"},{"taxonomy":"post_tag","embeddable":true,"href":"https:\/\/dgospel.com.br\/portal\/index.php\/wp-json\/wp\/v2\/tags?post=17791"}],"curies":[{"name":"wp","href":"https:\/\/api.w.org\/{rel}","templated":true}]}}