{"id":17794,"date":"2023-11-22T09:35:32","date_gmt":"2023-11-22T12:35:32","guid":{"rendered":"http:\/\/dgospel.com.br\/portal\/?p=17794"},"modified":"2023-11-22T09:35:34","modified_gmt":"2023-11-22T12:35:34","slug":"israel-e-hamas-fecham-acordo-para-libertacao-de-50-refens","status":"publish","type":"post","link":"https:\/\/dgospel.com.br\/portal\/index.php\/2023\/11\/22\/israel-e-hamas-fecham-acordo-para-libertacao-de-50-refens\/","title":{"rendered":"Israel e Hamas fecham acordo para liberta\u00e7\u00e3o de 50 ref\u00e9ns"},"content":{"rendered":"\n<p>O governo de&nbsp;<a href=\"http:\/\/pleno.news\/tag\/israel\" target=\"_blank\" rel=\"noreferrer noopener\">Israel<\/a>&nbsp;aceitou nesta ter\u00e7a-feira (21) um acordo com o grupo terrorista&nbsp;<a href=\"http:\/\/pleno.news\/tag\/hamas\" target=\"_blank\" rel=\"noreferrer noopener\">Hamas<\/a>&nbsp;para a liberta\u00e7\u00e3o de 50 ref\u00e9ns na Faixa de Gaza em troca da liberta\u00e7\u00e3o de prisioneiros palestinos e de uma tr\u00e9gua de quatro dias.<\/p>\n\n\n\n<p>Todos os membros do governo do primeiro-ministro Benjamin Netanyahu votaram a favor da troca e da tr\u00e9gua, com exce\u00e7\u00e3o dos tr\u00eas ministros do Partido do Poder Judaico (Otzma Yehudit) e do ministro da Seguran\u00e7a Nacional, Itamar Ben Gvir.<\/p>\n\n\n\n<p>Enquanto s\u00e3o aguardados os termos do acordo, informa\u00e7\u00f5es vazadas na imprensa israelense apontam que o pacto inclui a liberta\u00e7\u00e3o de um m\u00ednimo de 50 ref\u00e9ns, a maioria crian\u00e7as e suas m\u00e3es, com a possibilidade de que o n\u00famero seja estendido para 80, assim como um cessar-fogo por um m\u00ednimo de quatro dias, que pode ser estendido.<\/p>\n\n\n\n<p>Para a libera\u00e7\u00e3o, o Hamas levar\u00e1 os ref\u00e9ns para o Egito pela passagem de Rafah em grupos di\u00e1rios de cerca de dez pessoas e, de l\u00e1, eles ser\u00e3o entregues a Israel. Por sua vez, Israel deve libertar cerca de 150 prisioneiros palestinos, tamb\u00e9m em sua maioria mulheres e menores de idade que n\u00e3o foram condenados por crimes de sangue.<\/p>\n\n\n\n<p>Em um breve comunicado divulgado ap\u00f3s a reuni\u00e3o desta ter\u00e7a, o governo israelense enfatizou que \u201ctem a obriga\u00e7\u00e3o de trazer todos os ref\u00e9ns para casa\u201d.<\/p>\n\n\n\n<p>\u2013 Hoje [ter\u00e7a] \u00e0 noite, o governo aprovou o esbo\u00e7o da primeira etapa para atingir esse objetivo, segundo o qual pelo menos 50 ref\u00e9ns \u2013 mulheres e crian\u00e7as \u2013 ser\u00e3o libertados em quatro dias, durante os quais haver\u00e1 uma pausa nos combates \u2013 diz a nota, explicando que para cada dez ref\u00e9ns adicionais libertados, haver\u00e1 uma pausa adicional de um dia.<\/p>\n\n\n\n<p>Segundo a imprensa local, as For\u00e7as de Defesa de Israel se comprometeram a n\u00e3o sobrevoar a Faixa de Gaza durante seis horas por dia, enquanto a tr\u00e9gua estiver em vigor, para permitir que o Hamas localize os ref\u00e9ns mantidos por outros grupos armados, como a Jihad Isl\u00e2mica.<\/p>\n\n\n\n<p>De acordo com algumas estimativas, o Hamas mant\u00e9m entre 210 e 240 ref\u00e9ns, enquanto a Jihad Isl\u00e2mica Palestina teria em cativeiro cerca de 30. O acordo tamb\u00e9m incluiria, de acordo com a imprensa israelense, a entrada na Faixa, incluindo a parte norte, de 100 a 300 caminh\u00f5es com alimentos e ajuda m\u00e9dica, al\u00e9m de combust\u00edvel.<\/p>\n\n\n\n<p>Al\u00e9m disso, de acordo com a rede de televis\u00e3o p\u00fablica israelense, a cessa\u00e7\u00e3o tempor\u00e1ria das hostilidades come\u00e7aria na quinta (23) para permitir um per\u00edodo de 24 horas para que quaisquer recursos contra a decis\u00e3o do governo sejam apresentados \u00e0 Suprema Corte.<\/p>\n\n\n\n<p>Nenhum soldado ou homem ser\u00e1 libertado, e os corpos dos ref\u00e9ns mortos n\u00e3o ser\u00e3o recuperados. No entanto, a imprensa de Israel informou que homens idosos e ref\u00e9ns de nacionalidade estrangeira poderiam ser trocados. Outro ponto destacado pela imprensa israelense \u00e9 que o Hamas ter\u00e1 que anunciar os nomes das pessoas a serem libertadas com um dia de anteced\u00eancia.<\/p>\n\n\n\n<p>Netanyahu garantiu, antes da reuni\u00e3o do governo que aprovou o acordo, que o pacto inclui que a Cruz Vermelha visitar\u00e1 os ref\u00e9ns e lhes oferecer\u00e1 ajuda m\u00e9dica.<\/p>\n\n\n\n<p>Israel declarou guerra ao Hamas depois que o grupo lan\u00e7ou um ataque contra o pa\u00eds em 7 de outubro, no qual mais de 1,2 mil pessoas foram mortas e 240 foram sequestradas e levadas para Gaza.<\/p>\n\n\n\n<p>*EFE<\/p>\n","protected":false},"excerpt":{"rendered":"<p>O governo de&nbsp;Israel&nbsp;aceitou nesta ter\u00e7a-feira (21) um acordo com o grupo terrorista&nbsp;Hamas&nbsp;para a liberta\u00e7\u00e3o de 50 ref\u00e9ns na Faixa de Gaza em troca da liberta\u00e7\u00e3o de prisioneiros palestinos e de uma tr\u00e9gua de quatro dias. Todos os membros do governo do primeiro-ministro Benjamin Netanyahu votaram a favor da troca e da tr\u00e9gua, com exce\u00e7\u00e3o dos [&hellip;]<\/p>\n","protected":false},"author":2,"featured_media":17795,"comment_status":"open","ping_status":"open","sticky":false,"template":"","format":"standard","meta":[],"categories":[16],"tags":[],"_links":{"self":[{"href":"https:\/\/dgospel.com.br\/portal\/index.php\/wp-json\/wp\/v2\/posts\/17794"}],"collection":[{"href":"https:\/\/dgospel.com.br\/portal\/index.php\/wp-json\/wp\/v2\/posts"}],"about":[{"href":"https:\/\/dgospel.com.br\/portal\/index.php\/wp-json\/wp\/v2\/types\/post"}],"author":[{"embeddable":true,"href":"https:\/\/dgospel.com.br\/portal\/index.php\/wp-json\/wp\/v2\/users\/2"}],"replies":[{"embeddable":true,"href":"https:\/\/dgospel.com.br\/portal\/index.php\/wp-json\/wp\/v2\/comments?post=17794"}],"version-history":[{"count":1,"href":"https:\/\/dgospel.com.br\/portal\/index.php\/wp-json\/wp\/v2\/posts\/17794\/revisions"}],"predecessor-version":[{"id":17796,"href":"https:\/\/dgospel.com.br\/portal\/index.php\/wp-json\/wp\/v2\/posts\/17794\/revisions\/17796"}],"wp:featuredmedia":[{"embeddable":true,"href":"https:\/\/dgospel.com.br\/portal\/index.php\/wp-json\/wp\/v2\/media\/17795"}],"wp:attachment":[{"href":"https:\/\/dgospel.com.br\/portal\/index.php\/wp-json\/wp\/v2\/media?parent=17794"}],"wp:term":[{"taxonomy":"category","embeddable":true,"href":"https:\/\/dgospel.com.br\/portal\/index.php\/wp-json\/wp\/v2\/categories?post=17794"},{"taxonomy":"post_tag","embeddable":true,"href":"https:\/\/dgospel.com.br\/portal\/index.php\/wp-json\/wp\/v2\/tags?post=17794"}],"curies":[{"name":"wp","href":"https:\/\/api.w.org\/{rel}","templated":true}]}}