{"id":17800,"date":"2023-11-22T09:51:23","date_gmt":"2023-11-22T12:51:23","guid":{"rendered":"http:\/\/dgospel.com.br\/portal\/?p=17800"},"modified":"2023-11-22T09:51:24","modified_gmt":"2023-11-22T12:51:24","slug":"crimes-de-odio-contra-cristaos-aumentam-44-na-europa","status":"publish","type":"post","link":"https:\/\/dgospel.com.br\/portal\/index.php\/2023\/11\/22\/crimes-de-odio-contra-cristaos-aumentam-44-na-europa\/","title":{"rendered":"Crimes de \u00f3dio contra crist\u00e3os aumentam 44% na Europa"},"content":{"rendered":"\n<p>Um \u201cforte\u201d aumento no n\u00famero de crimes de \u00f3dio anticrist\u00e3os tem ocorrido em toda a Europa, com especial preocupa\u00e7\u00e3o expressa sobre o tratamento dispensado aos crist\u00e3os no Reino Unido.<\/p>\n\n\n\n<p>Houve 748 casos registados em 30 pa\u00edses europeus em 2022, contra&nbsp;<strong><a href=\"https:\/\/folhagospel.com\/europa-teve-mais-de-500-crimes-de-odio-anticristaos-em-2021-diz-relatorio\/\" target=\"_blank\" rel=\"noreferrer noopener\">519 no ano de 2021<\/a><\/strong>, de acordo com um novo relat\u00f3rio do Observat\u00f3rio sobre a Intoler\u00e2ncia e a Discrimina\u00e7\u00e3o contra os Crist\u00e3os na Europa (OIDAC, sigla em ingl\u00eas)) publicado esta semana.<\/p>\n\n\n\n<p>Os n\u00fameros representam um aumento de 44 por cento nos crimes de \u00f3dio anticrist\u00e3os entre 2021 e 2022. Os ataques incendi\u00e1rios em igrejas registaram um aumento ainda maior no mesmo per\u00edodo \u2013 de 60 para 105, um aumento de 75 por cento.<\/p>\n\n\n\n<p>Os ataques incendi\u00e1rios contra igrejas foram mais prevalentes na Alemanha, seguida pela Fran\u00e7a, It\u00e1lia e Reino Unido.<\/p>\n\n\n\n<p>Al\u00e9m dos ataques incendi\u00e1rios, foram registrados outros casos como picha\u00e7\u00f5es, profana\u00e7\u00e3o de locais crist\u00e3os, ataques f\u00edsicos, insultos e amea\u00e7as.<\/p>\n\n\n\n<p>A OIDAC disse que \u201cmais crimes t\u00eam uma motiva\u00e7\u00e3o extremista clara\u201d do que antes.<\/p>\n\n\n\n<p>A diretora executiva do grupo de pesquisa, Anja Hoffmann, disse: \u201cEmbora no passado os motivos por tr\u00e1s do vandalismo ou da profana\u00e7\u00e3o de igrejas permanecessem em grande parte obscuros, agora descobrimos que cada vez mais criminosos deixam mensagens, que revelam um motivo extremista, ou mesmo orgulhosamente reivindicar a autoria nas redes sociais pelos crimes cometidos.<\/p>\n\n\n\n<p>\u201cEstes s\u00e3o frequentemente membros radicalizados de grupos ideol\u00f3gicos, pol\u00edticos ou religiosos que seguem uma narrativa anticrist\u00e3\u201d.<\/p>\n\n\n\n<p>Ao mesmo tempo, leis \u201cvagas\u201d de \u201cdiscurso de \u00f3dio\u201d em v\u00e1rios pa\u00edses europeus, incluindo o Reino Unido, est\u00e3o conduzindo \u00e0 estigmatiza\u00e7\u00e3o e \u00e0 persegui\u00e7\u00e3o de crist\u00e3os.<\/p>\n\n\n\n<p>Hoffmann destacou o Reino Unido como particularmente preocupado ap\u00f3s a demiss\u00e3o dos professores crist\u00e3os Ben Dybowski e&nbsp;<strong><a href=\"https:\/\/folhagospel.com\/pregador-de-rua-que-foi-multado-por-evangelizar-tem-vitoria-na-justica-de-londres\/\" target=\"_blank\" rel=\"noreferrer noopener\">Joshua Sutcliffe<\/a><\/strong>, e do capel\u00e3o escolar&nbsp;<strong><a href=\"https:\/\/folhagospel.com\/capelao-diz-que-foi-considerado-um-risco-para-criancas-por-sermao-contra-casamento-gay\/\" target=\"_blank\" rel=\"noreferrer noopener\">Rev. Bernard Randall<\/a><\/strong>&nbsp;, por partilharem as suas cren\u00e7as crist\u00e3s sobre quest\u00f5es de sexualidade ou identidade de g\u00eanero. No in\u00edcio deste ano, Sutcliffe foi banido pela Ag\u00eancia de Regula\u00e7\u00e3o de Ensino (TRA) por se recusar a usar os pronomes preferidos dos alunos.<\/p>\n\n\n\n<p>\u201cParticularmente impressionante\u201d foi a pris\u00e3o da volunt\u00e1ria pr\u00f3-vida Isabel Vaughan-Spruce por orar silenciosamente numa \u201czona tamp\u00e3o\u201d de uma cl\u00ednica de aborto. Ela foi multada novamente no in\u00edcio deste m\u00eas, apesar de j\u00e1 ter sido inocentada pelos tribunais por incidentes semelhantes.<\/p>\n\n\n\n<p>Hoffmann disse: \u201cA acusa\u00e7\u00e3o de crist\u00e3os por expressarem as principais opini\u00f5es religiosas em p\u00fablico \u00e9 uma restri\u00e7\u00e3o altamente problem\u00e1tica da liberdade religiosa.<\/p>\n\n\n\n<p>\u201cCerta legisla\u00e7\u00e3o sobre \u2018discurso de \u00f3dio\u2019 em v\u00e1rios pa\u00edses da Europa utiliza uma linguagem muito vaga ou carece completamente de uma defini\u00e7\u00e3o clara.<\/p>\n\n\n\n<p>\u201cNa nossa an\u00e1lise jur\u00eddica descobrimos que a criminaliza\u00e7\u00e3o da express\u00e3o da doutrina crist\u00e3 em quest\u00f5es controversas foi uma das principais raz\u00f5es pelas quais os crist\u00e3os foram estigmatizados e processados\u201d.<\/p>\n\n\n\n<p>Ela acrescentou: \u201cQuando os crist\u00e3os forem for\u00e7ados a escolher entre os seus valores morais e as suas profiss\u00f5es, a sociedade enfrentar\u00e1 um futuro dif\u00edcil\u201d.<\/p>\n\n\n\n<p>O relat\u00f3rio da OIDAC foi divulgado no Dia Internacional da Toler\u00e2ncia e coincidiu com um relat\u00f3rio separado sobre crimes de \u00f3dio publicado no mesmo dia pela Organiza\u00e7\u00e3o para a Seguran\u00e7a e Coopera\u00e7\u00e3o na Europa (OSCE). De acordo com este relat\u00f3rio, ocorreram 792 crimes de \u00f3dio anticrist\u00e3os em 2022.<\/p>\n\n\n\n<p>Em resposta \u00e0s conclus\u00f5es do OIDAC, a Professora Regina Polak, Representante da OSCE para o Combate ao Racismo, Xenofobia e Discrimina\u00e7\u00e3o, apelou aos governos para que fa\u00e7am mais para resolver o problema.<\/p>\n\n\n\n<p>Ela disse: \u201cO n\u00famero crescente de crimes de \u00f3dio anticrist\u00e3os na Europa relatados pela OIDAC \u00e9 profundamente preocupante. \u00c9 altamente necess\u00e1rio aumentar a consci\u00eancia governamental e social para este problema e tomar medidas pol\u00edticas para enfrent\u00e1-lo e combat\u00ea-lo decididamente\u201d.<\/p>\n\n\n\n<p>Fonte: <strong>Folha Gospel com informa\u00e7\u00f5es de The Christian Today<\/strong><\/p>\n","protected":false},"excerpt":{"rendered":"<p>Um \u201cforte\u201d aumento no n\u00famero de crimes de \u00f3dio anticrist\u00e3os tem ocorrido em toda a Europa, com especial preocupa\u00e7\u00e3o expressa sobre o tratamento dispensado aos crist\u00e3os no Reino Unido. Houve 748 casos registados em 30 pa\u00edses europeus em 2022, contra&nbsp;519 no ano de 2021, de acordo com um novo relat\u00f3rio do Observat\u00f3rio sobre a Intoler\u00e2ncia [&hellip;]<\/p>\n","protected":false},"author":2,"featured_media":17801,"comment_status":"open","ping_status":"open","sticky":false,"template":"","format":"standard","meta":[],"categories":[11,12,5],"tags":[],"_links":{"self":[{"href":"https:\/\/dgospel.com.br\/portal\/index.php\/wp-json\/wp\/v2\/posts\/17800"}],"collection":[{"href":"https:\/\/dgospel.com.br\/portal\/index.php\/wp-json\/wp\/v2\/posts"}],"about":[{"href":"https:\/\/dgospel.com.br\/portal\/index.php\/wp-json\/wp\/v2\/types\/post"}],"author":[{"embeddable":true,"href":"https:\/\/dgospel.com.br\/portal\/index.php\/wp-json\/wp\/v2\/users\/2"}],"replies":[{"embeddable":true,"href":"https:\/\/dgospel.com.br\/portal\/index.php\/wp-json\/wp\/v2\/comments?post=17800"}],"version-history":[{"count":1,"href":"https:\/\/dgospel.com.br\/portal\/index.php\/wp-json\/wp\/v2\/posts\/17800\/revisions"}],"predecessor-version":[{"id":17802,"href":"https:\/\/dgospel.com.br\/portal\/index.php\/wp-json\/wp\/v2\/posts\/17800\/revisions\/17802"}],"wp:featuredmedia":[{"embeddable":true,"href":"https:\/\/dgospel.com.br\/portal\/index.php\/wp-json\/wp\/v2\/media\/17801"}],"wp:attachment":[{"href":"https:\/\/dgospel.com.br\/portal\/index.php\/wp-json\/wp\/v2\/media?parent=17800"}],"wp:term":[{"taxonomy":"category","embeddable":true,"href":"https:\/\/dgospel.com.br\/portal\/index.php\/wp-json\/wp\/v2\/categories?post=17800"},{"taxonomy":"post_tag","embeddable":true,"href":"https:\/\/dgospel.com.br\/portal\/index.php\/wp-json\/wp\/v2\/tags?post=17800"}],"curies":[{"name":"wp","href":"https:\/\/api.w.org\/{rel}","templated":true}]}}