{"id":17806,"date":"2023-11-22T13:47:34","date_gmt":"2023-11-22T16:47:34","guid":{"rendered":"http:\/\/dgospel.com.br\/portal\/?p=17806"},"modified":"2023-11-22T13:53:04","modified_gmt":"2023-11-22T16:53:04","slug":"pr-natan-ferreira-dias-toma-posse-como-presidente-assembleia-de-deus-ciadseta-em-augustinopolis","status":"publish","type":"post","link":"https:\/\/dgospel.com.br\/portal\/index.php\/2023\/11\/22\/pr-natan-ferreira-dias-toma-posse-como-presidente-assembleia-de-deus-ciadseta-em-augustinopolis\/","title":{"rendered":"Pr Natan Ferreira Dias toma posse como presidente da Assembleia de Deus CiadSeta em Augustin\u00f3polis"},"content":{"rendered":"\n<p>O Pr Natan Ferreira Dias tomou posse na presid\u00eancia da Igreja Evang\u00e9lica Assembleia de Deus CiadSeta Campo de Augustin\u00f3polis Tocantins, nesta ter\u00e7a-feira, 21 de novembro.<\/p>\n\n\n\n<p>A cerim\u00f4nia de posse foi conduzida pelo presidente da CiadSeta, Rev. Pr Paulo Martins Neto. O evento ainda contou com a presen\u00e7a da mesa diretora da Conven\u00e7\u00e3o e dos pastores e convencionais da regi\u00e3o.<\/p>\n\n\n\n<p><\/p>\n\n\n\n<figure class=\"wp-block-image size-full\"><img loading=\"lazy\" width=\"960\" height=\"540\" src=\"http:\/\/dgospel.com.br\/portal\/wp-content\/uploads\/2023\/11\/033.jpg\" alt=\"\" class=\"wp-image-17808\" srcset=\"https:\/\/dgospel.com.br\/portal\/wp-content\/uploads\/2023\/11\/033.jpg 960w, https:\/\/dgospel.com.br\/portal\/wp-content\/uploads\/2023\/11\/033-300x169.jpg 300w, https:\/\/dgospel.com.br\/portal\/wp-content\/uploads\/2023\/11\/033-768x432.jpg 768w\" sizes=\"(max-width: 960px) 100vw, 960px\" \/><\/figure>\n\n\n\n<p>A posse do Pr Natan Ferreira Dias na presid\u00eancia da Deus Minist\u00e9rio CiadSeta Campo de Augustin\u00f3polis ocorreu em decorr\u00eancia da vac\u00e2ncia na presid\u00eancia da Igreja pelo falecimento do Pr Jo\u00e3o Carmo Batista Morais,&nbsp;ocorrido no dia 20 de outubro deste ano.<\/p>\n\n\n\n<p>O Pr Natan Ferreira Dias estava presidindo Assembleia de Deus CiadSeta, Campo de Santa F\u00e9 do Araguaia, onde realizou um excelente trabalho naquela regi\u00e3o, e agora tem o desafio de dar continuidade ao belo trabalho que o pastor Jo\u00e3o Carmo vinha realizando em Augustin\u00f3polis.<\/p>\n\n\n\n<p><\/p>\n\n\n\n<figure class=\"wp-block-image size-full\"><img loading=\"lazy\" width=\"720\" height=\"960\" src=\"http:\/\/dgospel.com.br\/portal\/wp-content\/uploads\/2023\/11\/0111.jpg\" alt=\"\" class=\"wp-image-17809\" srcset=\"https:\/\/dgospel.com.br\/portal\/wp-content\/uploads\/2023\/11\/0111.jpg 720w, https:\/\/dgospel.com.br\/portal\/wp-content\/uploads\/2023\/11\/0111-225x300.jpg 225w\" sizes=\"(max-width: 720px) 100vw, 720px\" \/><\/figure>\n\n\n\n<p>Al\u00e9m de assumir a presid\u00eancia da Igreja em Augustin\u00f3polis, o Pr Natan Ferreira Dias assume tamb\u00e9m a supervis\u00e3o da \u00e1rea de n\u00famero 19 da CiadSeta, que tem como secret\u00e1rio o pastor Silvino Leit\u00e3o, presidente da Assembleia de Deus CiadSeta campo de S\u00e3o Miguel do Tocantins.<\/p>\n","protected":false},"excerpt":{"rendered":"<p>O Pr Natan Ferreira Dias tomou posse na presid\u00eancia da Igreja Evang\u00e9lica Assembleia de Deus CiadSeta Campo de Augustin\u00f3polis Tocantins, nesta ter\u00e7a-feira, 21 de novembro. A cerim\u00f4nia de posse foi conduzida pelo presidente da CiadSeta, Rev. Pr Paulo Martins Neto. O evento ainda contou com a presen\u00e7a da mesa diretora da Conven\u00e7\u00e3o e dos pastores [&hellip;]<\/p>\n","protected":false},"author":2,"featured_media":17807,"comment_status":"open","ping_status":"open","sticky":false,"template":"","format":"standard","meta":[],"categories":[5],"tags":[13],"_links":{"self":[{"href":"https:\/\/dgospel.com.br\/portal\/index.php\/wp-json\/wp\/v2\/posts\/17806"}],"collection":[{"href":"https:\/\/dgospel.com.br\/portal\/index.php\/wp-json\/wp\/v2\/posts"}],"about":[{"href":"https:\/\/dgospel.com.br\/portal\/index.php\/wp-json\/wp\/v2\/types\/post"}],"author":[{"embeddable":true,"href":"https:\/\/dgospel.com.br\/portal\/index.php\/wp-json\/wp\/v2\/users\/2"}],"replies":[{"embeddable":true,"href":"https:\/\/dgospel.com.br\/portal\/index.php\/wp-json\/wp\/v2\/comments?post=17806"}],"version-history":[{"count":2,"href":"https:\/\/dgospel.com.br\/portal\/index.php\/wp-json\/wp\/v2\/posts\/17806\/revisions"}],"predecessor-version":[{"id":17811,"href":"https:\/\/dgospel.com.br\/portal\/index.php\/wp-json\/wp\/v2\/posts\/17806\/revisions\/17811"}],"wp:featuredmedia":[{"embeddable":true,"href":"https:\/\/dgospel.com.br\/portal\/index.php\/wp-json\/wp\/v2\/media\/17807"}],"wp:attachment":[{"href":"https:\/\/dgospel.com.br\/portal\/index.php\/wp-json\/wp\/v2\/media?parent=17806"}],"wp:term":[{"taxonomy":"category","embeddable":true,"href":"https:\/\/dgospel.com.br\/portal\/index.php\/wp-json\/wp\/v2\/categories?post=17806"},{"taxonomy":"post_tag","embeddable":true,"href":"https:\/\/dgospel.com.br\/portal\/index.php\/wp-json\/wp\/v2\/tags?post=17806"}],"curies":[{"name":"wp","href":"https:\/\/api.w.org\/{rel}","templated":true}]}}