{"id":17812,"date":"2023-11-23T13:17:01","date_gmt":"2023-11-23T16:17:01","guid":{"rendered":"http:\/\/dgospel.com.br\/portal\/?p=17812"},"modified":"2023-11-23T13:17:02","modified_gmt":"2023-11-23T16:17:02","slug":"rubens-uchoa-solicita-a-construcao-da-quadra-de-esporte-na-1304-sul","status":"publish","type":"post","link":"https:\/\/dgospel.com.br\/portal\/index.php\/2023\/11\/23\/rubens-uchoa-solicita-a-construcao-da-quadra-de-esporte-na-1304-sul\/","title":{"rendered":"Rubens Uch\u00f4a solicita a constru\u00e7\u00e3o da Quadra de Esporte na 1304 Sul"},"content":{"rendered":"\n<p>O vereador Rubens Uch\u00f4a (Uni\u00e3o Brasil) apresentou importante requerimento na Casa de Leis, solicitando ao Chefe do Poder Executivo Municipal que venha promover em car\u00e1ter de urg\u00eancia a constru\u00e7\u00e3o de uma quadra poliesportiva na Quadra de Esporte na 1304 Sul.<\/p>\n\n\n\n<p>Segundo o parlamentar, \u201cConsiderando a import\u00e2ncia de um espa\u00e7o para lazer e recrea\u00e7\u00e3o das fam\u00edlias, e atendendo aos pedidos dos moradores daquela regi\u00e3o, faz-se necess\u00e1rio a constru\u00e7\u00e3o da mesma, a qual ir\u00e1 proporcionar lazer de qualidade, seguran\u00e7a e conforto de todas as fam\u00edlias que reside na regi\u00e3o, al\u00e9m de alavancar o desenvolvimento s\u00f3cio educacional esportivo, cultural do munic\u00edpio\u201d.<\/p>\n","protected":false},"excerpt":{"rendered":"<p>O vereador Rubens Uch\u00f4a (Uni\u00e3o Brasil) apresentou importante requerimento na Casa de Leis, solicitando ao Chefe do Poder Executivo Municipal que venha promover em car\u00e1ter de urg\u00eancia a constru\u00e7\u00e3o de uma quadra poliesportiva na Quadra de Esporte na 1304 Sul. Segundo o parlamentar, \u201cConsiderando a import\u00e2ncia de um espa\u00e7o para lazer e recrea\u00e7\u00e3o das fam\u00edlias, [&hellip;]<\/p>\n","protected":false},"author":2,"featured_media":17813,"comment_status":"open","ping_status":"open","sticky":false,"template":"","format":"standard","meta":[],"categories":[8],"tags":[],"_links":{"self":[{"href":"https:\/\/dgospel.com.br\/portal\/index.php\/wp-json\/wp\/v2\/posts\/17812"}],"collection":[{"href":"https:\/\/dgospel.com.br\/portal\/index.php\/wp-json\/wp\/v2\/posts"}],"about":[{"href":"https:\/\/dgospel.com.br\/portal\/index.php\/wp-json\/wp\/v2\/types\/post"}],"author":[{"embeddable":true,"href":"https:\/\/dgospel.com.br\/portal\/index.php\/wp-json\/wp\/v2\/users\/2"}],"replies":[{"embeddable":true,"href":"https:\/\/dgospel.com.br\/portal\/index.php\/wp-json\/wp\/v2\/comments?post=17812"}],"version-history":[{"count":1,"href":"https:\/\/dgospel.com.br\/portal\/index.php\/wp-json\/wp\/v2\/posts\/17812\/revisions"}],"predecessor-version":[{"id":17814,"href":"https:\/\/dgospel.com.br\/portal\/index.php\/wp-json\/wp\/v2\/posts\/17812\/revisions\/17814"}],"wp:featuredmedia":[{"embeddable":true,"href":"https:\/\/dgospel.com.br\/portal\/index.php\/wp-json\/wp\/v2\/media\/17813"}],"wp:attachment":[{"href":"https:\/\/dgospel.com.br\/portal\/index.php\/wp-json\/wp\/v2\/media?parent=17812"}],"wp:term":[{"taxonomy":"category","embeddable":true,"href":"https:\/\/dgospel.com.br\/portal\/index.php\/wp-json\/wp\/v2\/categories?post=17812"},{"taxonomy":"post_tag","embeddable":true,"href":"https:\/\/dgospel.com.br\/portal\/index.php\/wp-json\/wp\/v2\/tags?post=17812"}],"curies":[{"name":"wp","href":"https:\/\/api.w.org\/{rel}","templated":true}]}}